{"id":1001740,"date":"2017-09-18T18:02:35","date_gmt":"2017-09-18T18:02:35","guid":{"rendered":"https:\/\/mtpsl.es\/?p=1001740"},"modified":"2017-09-18T18:02:35","modified_gmt":"2017-09-18T18:02:35","slug":"nos-vemos-en-equiplast-del-2-al-6-de-octubre","status":"publish","type":"post","link":"https:\/\/mtpsl.es\/en\/nos-vemos-en-equiplast-del-2-al-6-de-octubre\/","title":{"rendered":"See you at Equiplast from October 2nd to 6th."},"content":{"rendered":"<p>As we have already announced through this channel, we will be present at the next <strong>Equiplast 2017 at Fira Barcelona.<\/strong>.<\/p>\n<p>You can come and visit us at our stand located at:<\/p>\n<p><strong>STAND 418<\/strong><\/p>\n<p><strong>PAVILION 3<\/strong><\/p>\n<p><strong>LEVEL 0\u00a0<\/strong><\/p>\n<p><strong>CALLE D<\/strong><\/p>\n<p>We are looking forward to sharing with you all our news and taking advantage of this annual event to celebrate our 25th anniversary.<\/p>\n<p><strong>We are waiting for you!<\/strong><\/p>","protected":false},"excerpt":{"rendered":"<p>Como ya anunciamos por este mismo canal, estaremos presentes en la pr\u00f3xima cita de Equiplast 2017 en Fira Barcelona. Pod\u00e9is venir a visitarnos en nuestro Stand situado en: STAND 418 PABELL\u00d3N 3 NIVEL 0\u00a0 CALLE D Tenemos muchas ganas de compartir con vosotros todas nuestras novedades y aprovechar esta cita anual para celebrar nuestro 25<\/p>","protected":false},"author":1,"featured_media":1001741,"comment_status":"open","ping_status":"open","sticky":false,"template":"","format":"standard","meta":{"footnotes":""},"categories":[39],"tags":[],"class_list":["post-1001740","post","type-post","status-publish","format-standard","has-post-thumbnail","hentry","category-noticias"],"yoast_head":"<!-- This site is optimized with the Yoast SEO plugin v25.8 - https:\/\/yoast.com\/wordpress\/plugins\/seo\/ -->\n<title>Nos vemos en Equiplast del 2 al 6 de Octubre - MTP %<\/title>\n<meta name=\"robots\" content=\"index, follow, max-snippet:-1, max-image-preview:large, max-video-preview:-1\" \/>\n<link rel=\"canonical\" href=\"https:\/\/mtpsl.es\/en\/nos-vemos-en-equiplast-del-2-al-6-de-octubre\/\" \/>\n<meta property=\"og:locale\" content=\"en_US\" \/>\n<meta property=\"og:type\" content=\"article\" \/>\n<meta property=\"og:title\" content=\"Nos vemos en Equiplast del 2 al 6 de Octubre - MTP %\" \/>\n<meta property=\"og:description\" content=\"Como ya anunciamos por este mismo canal, estaremos presentes en la pr\u00f3xima cita de Equiplast 2017 en Fira Barcelona. Pod\u00e9is venir a visitarnos en nuestro Stand situado en: STAND 418 PABELL\u00d3N 3 NIVEL 0\u00a0 CALLE D Tenemos muchas ganas de compartir con vosotros todas nuestras novedades y aprovechar esta cita anual para celebrar nuestro 25\" \/>\n<meta property=\"og:url\" content=\"https:\/\/mtpsl.es\/en\/nos-vemos-en-equiplast-del-2-al-6-de-octubre\/\" \/>\n<meta property=\"og:site_name\" content=\"MTP\" \/>\n<meta property=\"article:publisher\" content=\"https:\/\/www.facebook.com\/MTPSL\" \/>\n<meta property=\"article:published_time\" content=\"2017-09-18T18:02:35+00:00\" \/>\n<meta property=\"og:image\" content=\"https:\/\/mtpsl.es\/wp-content\/uploads\/2017\/09\/logo_es.jpg\" \/>\n\t<meta property=\"og:image:width\" content=\"842\" \/>\n\t<meta property=\"og:image:height\" content=\"596\" \/>\n\t<meta property=\"og:image:type\" content=\"image\/jpeg\" \/>\n<meta name=\"author\" content=\"admin\" \/>\n<meta name=\"twitter:card\" content=\"summary_large_image\" \/>\n<meta name=\"twitter:creator\" content=\"@MaquinariaTP\" \/>\n<meta name=\"twitter:site\" content=\"@MaquinariaTP\" \/>\n<meta name=\"twitter:label1\" content=\"Written by\" \/>\n\t<meta name=\"twitter:data1\" content=\"admin\" \/>\n<script type=\"application\/ld+json\" class=\"yoast-schema-graph\">{\"@context\":\"https:\/\/schema.org\",\"@graph\":[{\"@type\":\"Article\",\"@id\":\"https:\/\/mtpsl.es\/nos-vemos-en-equiplast-del-2-al-6-de-octubre\/#article\",\"isPartOf\":{\"@id\":\"https:\/\/mtpsl.es\/nos-vemos-en-equiplast-del-2-al-6-de-octubre\/\"},\"author\":{\"name\":\"admin\",\"@id\":\"https:\/\/mtpsl.es\/#\/schema\/person\/c031e418918c7a1850258763c715451d\"},\"headline\":\"Nos vemos en Equiplast del 2 al 6 de Octubre\",\"datePublished\":\"2017-09-18T18:02:35+00:00\",\"mainEntityOfPage\":{\"@id\":\"https:\/\/mtpsl.es\/nos-vemos-en-equiplast-del-2-al-6-de-octubre\/\"},\"wordCount\":64,\"commentCount\":0,\"publisher\":{\"@id\":\"https:\/\/mtpsl.es\/#organization\"},\"image\":{\"@id\":\"https:\/\/mtpsl.es\/nos-vemos-en-equiplast-del-2-al-6-de-octubre\/#primaryimage\"},\"thumbnailUrl\":\"https:\/\/mtpsl.es\/wp-content\/uploads\/2017\/09\/logo_es.jpg\",\"articleSection\":[\"Noticias\"],\"inLanguage\":\"en-US\",\"potentialAction\":[{\"@type\":\"CommentAction\",\"name\":\"Comment\",\"target\":[\"https:\/\/mtpsl.es\/nos-vemos-en-equiplast-del-2-al-6-de-octubre\/#respond\"]}]},{\"@type\":\"WebPage\",\"@id\":\"https:\/\/mtpsl.es\/nos-vemos-en-equiplast-del-2-al-6-de-octubre\/\",\"url\":\"https:\/\/mtpsl.es\/nos-vemos-en-equiplast-del-2-al-6-de-octubre\/\",\"name\":\"Nos vemos en Equiplast del 2 al 6 de Octubre - MTP %\",\"isPartOf\":{\"@id\":\"https:\/\/mtpsl.es\/#website\"},\"primaryImageOfPage\":{\"@id\":\"https:\/\/mtpsl.es\/nos-vemos-en-equiplast-del-2-al-6-de-octubre\/#primaryimage\"},\"image\":{\"@id\":\"https:\/\/mtpsl.es\/nos-vemos-en-equiplast-del-2-al-6-de-octubre\/#primaryimage\"},\"thumbnailUrl\":\"https:\/\/mtpsl.es\/wp-content\/uploads\/2017\/09\/logo_es.jpg\",\"datePublished\":\"2017-09-18T18:02:35+00:00\",\"breadcrumb\":{\"@id\":\"https:\/\/mtpsl.es\/nos-vemos-en-equiplast-del-2-al-6-de-octubre\/#breadcrumb\"},\"inLanguage\":\"en-US\",\"potentialAction\":[{\"@type\":\"ReadAction\",\"target\":[\"https:\/\/mtpsl.es\/nos-vemos-en-equiplast-del-2-al-6-de-octubre\/\"]}]},{\"@type\":\"ImageObject\",\"inLanguage\":\"en-US\",\"@id\":\"https:\/\/mtpsl.es\/nos-vemos-en-equiplast-del-2-al-6-de-octubre\/#primaryimage\",\"url\":\"https:\/\/mtpsl.es\/wp-content\/uploads\/2017\/09\/logo_es.jpg\",\"contentUrl\":\"https:\/\/mtpsl.es\/wp-content\/uploads\/2017\/09\/logo_es.jpg\",\"width\":842,\"height\":596},{\"@type\":\"BreadcrumbList\",\"@id\":\"https:\/\/mtpsl.es\/nos-vemos-en-equiplast-del-2-al-6-de-octubre\/#breadcrumb\",\"itemListElement\":[{\"@type\":\"ListItem\",\"position\":1,\"name\":\"Portada\",\"item\":\"https:\/\/mtpsl.es\/\"},{\"@type\":\"ListItem\",\"position\":2,\"name\":\"Nos vemos en Equiplast del 2 al 6 de Octubre\"}]},{\"@type\":\"WebSite\",\"@id\":\"https:\/\/mtpsl.es\/#website\",\"url\":\"https:\/\/mtpsl.es\/\",\"name\":\"Maquinaria Termo Pl\u00e1stico SL\",\"description\":\"Maquinaria Termo Pl\u00e1stico\",\"publisher\":{\"@id\":\"https:\/\/mtpsl.es\/#organization\"},\"alternateName\":\"MTP\",\"potentialAction\":[{\"@type\":\"SearchAction\",\"target\":{\"@type\":\"EntryPoint\",\"urlTemplate\":\"https:\/\/mtpsl.es\/?s={search_term_string}\"},\"query-input\":{\"@type\":\"PropertyValueSpecification\",\"valueRequired\":true,\"valueName\":\"search_term_string\"}}],\"inLanguage\":\"en-US\"},{\"@type\":\"Organization\",\"@id\":\"https:\/\/mtpsl.es\/#organization\",\"name\":\"Maquinaria Termo Pl\u00e1stico\",\"alternateName\":\"MTP\",\"url\":\"https:\/\/mtpsl.es\/\",\"logo\":{\"@type\":\"ImageObject\",\"inLanguage\":\"en-US\",\"@id\":\"https:\/\/mtpsl.es\/#\/schema\/logo\/image\/\",\"url\":\"https:\/\/mtp.essedi.es\/wp-content\/uploads\/2017\/04\/logo.jpg\",\"contentUrl\":\"https:\/\/mtp.essedi.es\/wp-content\/uploads\/2017\/04\/logo.jpg\",\"width\":300,\"height\":143,\"caption\":\"Maquinaria Termo Pl\u00e1stico\"},\"image\":{\"@id\":\"https:\/\/mtpsl.es\/#\/schema\/logo\/image\/\"},\"sameAs\":[\"https:\/\/www.facebook.com\/MTPSL\",\"https:\/\/x.com\/MaquinariaTP\",\"https:\/\/www.linkedin.com\/company\/mtpsl\/\"]},{\"@type\":\"Person\",\"@id\":\"https:\/\/mtpsl.es\/#\/schema\/person\/c031e418918c7a1850258763c715451d\",\"name\":\"admin\",\"image\":{\"@type\":\"ImageObject\",\"inLanguage\":\"en-US\",\"@id\":\"https:\/\/mtpsl.es\/#\/schema\/person\/image\/\",\"url\":\"https:\/\/secure.gravatar.com\/avatar\/ac8c57139c6eeda422b5ccf2bdfc64b62eba674c0a42bc6239c3bb8891428ace?s=96&d=mm&r=g\",\"contentUrl\":\"https:\/\/secure.gravatar.com\/avatar\/ac8c57139c6eeda422b5ccf2bdfc64b62eba674c0a42bc6239c3bb8891428ace?s=96&d=mm&r=g\",\"caption\":\"admin\"},\"url\":\"https:\/\/mtpsl.es\/en\/author\/ismedsi\/\"}]}<\/script>\n<!-- \/ Yoast SEO plugin. -->","yoast_head_json":{"title":"Nos vemos en Equiplast del 2 al 6 de Octubre - MTP %","robots":{"index":"index","follow":"follow","max-snippet":"max-snippet:-1","max-image-preview":"max-image-preview:large","max-video-preview":"max-video-preview:-1"},"canonical":"https:\/\/mtpsl.es\/en\/nos-vemos-en-equiplast-del-2-al-6-de-octubre\/","og_locale":"en_US","og_type":"article","og_title":"Nos vemos en Equiplast del 2 al 6 de Octubre - MTP %","og_description":"Como ya anunciamos por este mismo canal, estaremos presentes en la pr\u00f3xima cita de Equiplast 2017 en Fira Barcelona. Pod\u00e9is venir a visitarnos en nuestro Stand situado en: STAND 418 PABELL\u00d3N 3 NIVEL 0\u00a0 CALLE D Tenemos muchas ganas de compartir con vosotros todas nuestras novedades y aprovechar esta cita anual para celebrar nuestro 25","og_url":"https:\/\/mtpsl.es\/en\/nos-vemos-en-equiplast-del-2-al-6-de-octubre\/","og_site_name":"MTP","article_publisher":"https:\/\/www.facebook.com\/MTPSL","article_published_time":"2017-09-18T18:02:35+00:00","og_image":[{"width":842,"height":596,"url":"https:\/\/mtpsl.es\/wp-content\/uploads\/2017\/09\/logo_es.jpg","type":"image\/jpeg"}],"author":"admin","twitter_card":"summary_large_image","twitter_creator":"@MaquinariaTP","twitter_site":"@MaquinariaTP","twitter_misc":{"Written by":"admin"},"schema":{"@context":"https:\/\/schema.org","@graph":[{"@type":"Article","@id":"https:\/\/mtpsl.es\/nos-vemos-en-equiplast-del-2-al-6-de-octubre\/#article","isPartOf":{"@id":"https:\/\/mtpsl.es\/nos-vemos-en-equiplast-del-2-al-6-de-octubre\/"},"author":{"name":"admin","@id":"https:\/\/mtpsl.es\/#\/schema\/person\/c031e418918c7a1850258763c715451d"},"headline":"Nos vemos en Equiplast del 2 al 6 de Octubre","datePublished":"2017-09-18T18:02:35+00:00","mainEntityOfPage":{"@id":"https:\/\/mtpsl.es\/nos-vemos-en-equiplast-del-2-al-6-de-octubre\/"},"wordCount":64,"commentCount":0,"publisher":{"@id":"https:\/\/mtpsl.es\/#organization"},"image":{"@id":"https:\/\/mtpsl.es\/nos-vemos-en-equiplast-del-2-al-6-de-octubre\/#primaryimage"},"thumbnailUrl":"https:\/\/mtpsl.es\/wp-content\/uploads\/2017\/09\/logo_es.jpg","articleSection":["Noticias"],"inLanguage":"en-US","potentialAction":[{"@type":"CommentAction","name":"Comment","target":["https:\/\/mtpsl.es\/nos-vemos-en-equiplast-del-2-al-6-de-octubre\/#respond"]}]},{"@type":"WebPage","@id":"https:\/\/mtpsl.es\/nos-vemos-en-equiplast-del-2-al-6-de-octubre\/","url":"https:\/\/mtpsl.es\/nos-vemos-en-equiplast-del-2-al-6-de-octubre\/","name":"Nos vemos en Equiplast del 2 al 6 de Octubre - MTP %","isPartOf":{"@id":"https:\/\/mtpsl.es\/#website"},"primaryImageOfPage":{"@id":"https:\/\/mtpsl.es\/nos-vemos-en-equiplast-del-2-al-6-de-octubre\/#primaryimage"},"image":{"@id":"https:\/\/mtpsl.es\/nos-vemos-en-equiplast-del-2-al-6-de-octubre\/#primaryimage"},"thumbnailUrl":"https:\/\/mtpsl.es\/wp-content\/uploads\/2017\/09\/logo_es.jpg","datePublished":"2017-09-18T18:02:35+00:00","breadcrumb":{"@id":"https:\/\/mtpsl.es\/nos-vemos-en-equiplast-del-2-al-6-de-octubre\/#breadcrumb"},"inLanguage":"en-US","potentialAction":[{"@type":"ReadAction","target":["https:\/\/mtpsl.es\/nos-vemos-en-equiplast-del-2-al-6-de-octubre\/"]}]},{"@type":"ImageObject","inLanguage":"en-US","@id":"https:\/\/mtpsl.es\/nos-vemos-en-equiplast-del-2-al-6-de-octubre\/#primaryimage","url":"https:\/\/mtpsl.es\/wp-content\/uploads\/2017\/09\/logo_es.jpg","contentUrl":"https:\/\/mtpsl.es\/wp-content\/uploads\/2017\/09\/logo_es.jpg","width":842,"height":596},{"@type":"BreadcrumbList","@id":"https:\/\/mtpsl.es\/nos-vemos-en-equiplast-del-2-al-6-de-octubre\/#breadcrumb","itemListElement":[{"@type":"ListItem","position":1,"name":"Portada","item":"https:\/\/mtpsl.es\/"},{"@type":"ListItem","position":2,"name":"Nos vemos en Equiplast del 2 al 6 de Octubre"}]},{"@type":"WebSite","@id":"https:\/\/mtpsl.es\/#website","url":"https:\/\/mtpsl.es\/","name":"Maquinaria Termo Pl\u00e1stico SL","description":"Maquinaria Termo Pl\u00e1stico","publisher":{"@id":"https:\/\/mtpsl.es\/#organization"},"alternateName":"MTP","potentialAction":[{"@type":"SearchAction","target":{"@type":"EntryPoint","urlTemplate":"https:\/\/mtpsl.es\/?s={search_term_string}"},"query-input":{"@type":"PropertyValueSpecification","valueRequired":true,"valueName":"search_term_string"}}],"inLanguage":"en-US"},{"@type":"Organization","@id":"https:\/\/mtpsl.es\/#organization","name":"Maquinaria Termo Pl\u00e1stico","alternateName":"MTP","url":"https:\/\/mtpsl.es\/","logo":{"@type":"ImageObject","inLanguage":"en-US","@id":"https:\/\/mtpsl.es\/#\/schema\/logo\/image\/","url":"https:\/\/mtp.essedi.es\/wp-content\/uploads\/2017\/04\/logo.jpg","contentUrl":"https:\/\/mtp.essedi.es\/wp-content\/uploads\/2017\/04\/logo.jpg","width":300,"height":143,"caption":"Maquinaria Termo Pl\u00e1stico"},"image":{"@id":"https:\/\/mtpsl.es\/#\/schema\/logo\/image\/"},"sameAs":["https:\/\/www.facebook.com\/MTPSL","https:\/\/x.com\/MaquinariaTP","https:\/\/www.linkedin.com\/company\/mtpsl\/"]},{"@type":"Person","@id":"https:\/\/mtpsl.es\/#\/schema\/person\/c031e418918c7a1850258763c715451d","name":"admin","image":{"@type":"ImageObject","inLanguage":"en-US","@id":"https:\/\/mtpsl.es\/#\/schema\/person\/image\/","url":"https:\/\/secure.gravatar.com\/avatar\/ac8c57139c6eeda422b5ccf2bdfc64b62eba674c0a42bc6239c3bb8891428ace?s=96&d=mm&r=g","contentUrl":"https:\/\/secure.gravatar.com\/avatar\/ac8c57139c6eeda422b5ccf2bdfc64b62eba674c0a42bc6239c3bb8891428ace?s=96&d=mm&r=g","caption":"admin"},"url":"https:\/\/mtpsl.es\/en\/author\/ismedsi\/"}]}},"_links":{"self":[{"href":"https:\/\/mtpsl.es\/en\/wp-json\/wp\/v2\/posts\/1001740","targetHints":{"allow":["GET"]}}],"collection":[{"href":"https:\/\/mtpsl.es\/en\/wp-json\/wp\/v2\/posts"}],"about":[{"href":"https:\/\/mtpsl.es\/en\/wp-json\/wp\/v2\/types\/post"}],"author":[{"embeddable":true,"href":"https:\/\/mtpsl.es\/en\/wp-json\/wp\/v2\/users\/1"}],"replies":[{"embeddable":true,"href":"https:\/\/mtpsl.es\/en\/wp-json\/wp\/v2\/comments?post=1001740"}],"version-history":[{"count":1,"href":"https:\/\/mtpsl.es\/en\/wp-json\/wp\/v2\/posts\/1001740\/revisions"}],"predecessor-version":[{"id":1001742,"href":"https:\/\/mtpsl.es\/en\/wp-json\/wp\/v2\/posts\/1001740\/revisions\/1001742"}],"wp:featuredmedia":[{"embeddable":true,"href":"https:\/\/mtpsl.es\/en\/wp-json\/wp\/v2\/media\/1001741"}],"wp:attachment":[{"href":"https:\/\/mtpsl.es\/en\/wp-json\/wp\/v2\/media?parent=1001740"}],"wp:term":[{"taxonomy":"category","embeddable":true,"href":"https:\/\/mtpsl.es\/en\/wp-json\/wp\/v2\/categories?post=1001740"},{"taxonomy":"post_tag","embeddable":true,"href":"https:\/\/mtpsl.es\/en\/wp-json\/wp\/v2\/tags?post=1001740"}],"curies":[{"name":"wp","href":"https:\/\/api.w.org\/{rel}","templated":true}]}}