{"id":1001776,"date":"2017-10-16T07:13:23","date_gmt":"2017-10-16T07:13:23","guid":{"rendered":"https:\/\/mtpsl.es\/?p=1001776"},"modified":"2017-10-22T21:16:13","modified_gmt":"2017-10-22T21:16:13","slug":"ultima-edicion-equiplast-en-fira-barcelona","status":"publish","type":"post","link":"https:\/\/mtpsl.es\/en\/ultima-edicion-equiplast-en-fira-barcelona\/","title":{"rendered":"Last edition of Equiplast at Fira Barcelona"},"content":{"rendered":"<p>Thanks to all of you who once again visited us at this year's Equiplast.<\/p>\n<p>A pleasure to welcome you!<\/p>\n<p><img decoding=\"async\" class=\"alignnone wp-image-1001781 size-medium\" src=\"https:\/\/mtpsl.es\/wp-content\/uploads\/2017\/10\/22154416_1048272901942004_1145418918927548792_n-225x300.jpg\" alt=\"\" width=\"225\" height=\"300\" srcset=\"https:\/\/mtpsl.es\/wp-content\/uploads\/2017\/10\/22154416_1048272901942004_1145418918927548792_n-200x267.jpg 200w, https:\/\/mtpsl.es\/wp-content\/uploads\/2017\/10\/22154416_1048272901942004_1145418918927548792_n-225x300.jpg 225w, https:\/\/mtpsl.es\/wp-content\/uploads\/2017\/10\/22154416_1048272901942004_1145418918927548792_n-400x533.jpg 400w, https:\/\/mtpsl.es\/wp-content\/uploads\/2017\/10\/22154416_1048272901942004_1145418918927548792_n-600x800.jpg 600w, https:\/\/mtpsl.es\/wp-content\/uploads\/2017\/10\/22154416_1048272901942004_1145418918927548792_n.jpg 720w\" sizes=\"(max-width: 225px) 100vw, 225px\" \/> <img decoding=\"async\" class=\"alignnone wp-image-1001782 size-medium\" src=\"https:\/\/mtpsl.es\/wp-content\/uploads\/2017\/10\/22154593_1048272928608668_32925621676597072_n-225x300.jpg\" alt=\"\" width=\"225\" height=\"300\" srcset=\"https:\/\/mtpsl.es\/wp-content\/uploads\/2017\/10\/22154593_1048272928608668_32925621676597072_n-200x267.jpg 200w, https:\/\/mtpsl.es\/wp-content\/uploads\/2017\/10\/22154593_1048272928608668_32925621676597072_n-225x300.jpg 225w, https:\/\/mtpsl.es\/wp-content\/uploads\/2017\/10\/22154593_1048272928608668_32925621676597072_n-400x533.jpg 400w, https:\/\/mtpsl.es\/wp-content\/uploads\/2017\/10\/22154593_1048272928608668_32925621676597072_n-600x800.jpg 600w, https:\/\/mtpsl.es\/wp-content\/uploads\/2017\/10\/22154593_1048272928608668_32925621676597072_n.jpg 720w\" sizes=\"(max-width: 225px) 100vw, 225px\" \/> <img decoding=\"async\" class=\"alignnone wp-image-1001777 size-medium\" src=\"https:\/\/mtpsl.es\/wp-content\/uploads\/2017\/10\/22196418_1048272978608663_273103308895105352_n-225x300.jpg\" alt=\"\" width=\"225\" height=\"300\" srcset=\"https:\/\/mtpsl.es\/wp-content\/uploads\/2017\/10\/22196418_1048272978608663_273103308895105352_n-200x267.jpg 200w, https:\/\/mtpsl.es\/wp-content\/uploads\/2017\/10\/22196418_1048272978608663_273103308895105352_n-225x300.jpg 225w, https:\/\/mtpsl.es\/wp-content\/uploads\/2017\/10\/22196418_1048272978608663_273103308895105352_n-400x533.jpg 400w, https:\/\/mtpsl.es\/wp-content\/uploads\/2017\/10\/22196418_1048272978608663_273103308895105352_n-600x800.jpg 600w, https:\/\/mtpsl.es\/wp-content\/uploads\/2017\/10\/22196418_1048272978608663_273103308895105352_n.jpg 720w\" sizes=\"(max-width: 225px) 100vw, 225px\" \/><\/p>\n<p>&nbsp;<\/p>\n<p>&nbsp;<\/p>\n<p><img decoding=\"async\" class=\"alignnone size-full wp-image-1001779\" src=\"https:\/\/mtpsl.es\/wp-content\/uploads\/2017\/10\/22459480_1055642131205081_385458987775348992_o.jpg\" alt=\"\" width=\"1337\" height=\"640\" srcset=\"https:\/\/mtpsl.es\/wp-content\/uploads\/2017\/10\/22459480_1055642131205081_385458987775348992_o-200x96.jpg 200w, https:\/\/mtpsl.es\/wp-content\/uploads\/2017\/10\/22459480_1055642131205081_385458987775348992_o-300x144.jpg 300w, https:\/\/mtpsl.es\/wp-content\/uploads\/2017\/10\/22459480_1055642131205081_385458987775348992_o-400x191.jpg 400w, https:\/\/mtpsl.es\/wp-content\/uploads\/2017\/10\/22459480_1055642131205081_385458987775348992_o-600x287.jpg 600w, https:\/\/mtpsl.es\/wp-content\/uploads\/2017\/10\/22459480_1055642131205081_385458987775348992_o-768x368.jpg 768w, https:\/\/mtpsl.es\/wp-content\/uploads\/2017\/10\/22459480_1055642131205081_385458987775348992_o-800x383.jpg 800w, https:\/\/mtpsl.es\/wp-content\/uploads\/2017\/10\/22459480_1055642131205081_385458987775348992_o-1024x490.jpg 1024w, https:\/\/mtpsl.es\/wp-content\/uploads\/2017\/10\/22459480_1055642131205081_385458987775348992_o-1200x574.jpg 1200w, https:\/\/mtpsl.es\/wp-content\/uploads\/2017\/10\/22459480_1055642131205081_385458987775348992_o.jpg 1337w\" sizes=\"(max-width: 1337px) 100vw, 1337px\" \/><\/p>","protected":false},"excerpt":{"rendered":"<p>Gracias a todos los que un a\u00f1os m\u00e1s nos visitasteis en esta edici\u00f3n de Equiplast. \u00a1Un placer recibiros! &nbsp; &nbsp;<\/p>","protected":false},"author":1,"featured_media":1001779,"comment_status":"open","ping_status":"open","sticky":false,"template":"","format":"gallery","meta":{"footnotes":""},"categories":[39],"tags":[],"class_list":["post-1001776","post","type-post","status-publish","format-gallery","has-post-thumbnail","hentry","category-noticias","post_format-post-format-gallery"],"yoast_head":"<!-- This site is optimized with the Yoast SEO plugin v25.8 - https:\/\/yoast.com\/wordpress\/plugins\/seo\/ -->\n<title>Ultima edici\u00f3n Equiplast en Fira Barcelona - MTP %<\/title>\n<meta name=\"robots\" content=\"index, follow, max-snippet:-1, max-image-preview:large, max-video-preview:-1\" \/>\n<link rel=\"canonical\" href=\"https:\/\/mtpsl.es\/en\/ultima-edicion-equiplast-en-fira-barcelona\/\" \/>\n<meta property=\"og:locale\" content=\"en_US\" \/>\n<meta property=\"og:type\" content=\"article\" \/>\n<meta property=\"og:title\" content=\"Ultima edici\u00f3n Equiplast en Fira Barcelona - MTP %\" \/>\n<meta property=\"og:description\" content=\"Gracias a todos los que un a\u00f1os m\u00e1s nos visitasteis en esta edici\u00f3n de Equiplast. \u00a1Un placer recibiros! &nbsp; &nbsp;\" \/>\n<meta property=\"og:url\" content=\"https:\/\/mtpsl.es\/en\/ultima-edicion-equiplast-en-fira-barcelona\/\" \/>\n<meta property=\"og:site_name\" content=\"MTP\" \/>\n<meta property=\"article:publisher\" content=\"https:\/\/www.facebook.com\/MTPSL\" \/>\n<meta property=\"article:published_time\" content=\"2017-10-16T07:13:23+00:00\" \/>\n<meta property=\"article:modified_time\" content=\"2017-10-22T21:16:13+00:00\" \/>\n<meta property=\"og:image\" content=\"https:\/\/mtpsl.es\/wp-content\/uploads\/2017\/10\/22459480_1055642131205081_385458987775348992_o.jpg\" \/>\n\t<meta property=\"og:image:width\" content=\"1337\" \/>\n\t<meta property=\"og:image:height\" content=\"640\" \/>\n\t<meta property=\"og:image:type\" content=\"image\/jpeg\" \/>\n<meta name=\"author\" content=\"admin\" \/>\n<meta name=\"twitter:card\" content=\"summary_large_image\" \/>\n<meta name=\"twitter:creator\" content=\"@MaquinariaTP\" \/>\n<meta name=\"twitter:site\" content=\"@MaquinariaTP\" \/>\n<meta name=\"twitter:label1\" content=\"Written by\" \/>\n\t<meta name=\"twitter:data1\" content=\"admin\" \/>\n<script type=\"application\/ld+json\" class=\"yoast-schema-graph\">{\"@context\":\"https:\/\/schema.org\",\"@graph\":[{\"@type\":\"Article\",\"@id\":\"https:\/\/mtpsl.es\/ultima-edicion-equiplast-en-fira-barcelona\/#article\",\"isPartOf\":{\"@id\":\"https:\/\/mtpsl.es\/ultima-edicion-equiplast-en-fira-barcelona\/\"},\"author\":{\"name\":\"admin\",\"@id\":\"https:\/\/mtpsl.es\/#\/schema\/person\/c031e418918c7a1850258763c715451d\"},\"headline\":\"Ultima edici\u00f3n Equiplast en Fira Barcelona\",\"datePublished\":\"2017-10-16T07:13:23+00:00\",\"dateModified\":\"2017-10-22T21:16:13+00:00\",\"mainEntityOfPage\":{\"@id\":\"https:\/\/mtpsl.es\/ultima-edicion-equiplast-en-fira-barcelona\/\"},\"wordCount\":30,\"commentCount\":0,\"publisher\":{\"@id\":\"https:\/\/mtpsl.es\/#organization\"},\"image\":{\"@id\":\"https:\/\/mtpsl.es\/ultima-edicion-equiplast-en-fira-barcelona\/#primaryimage\"},\"thumbnailUrl\":\"https:\/\/mtpsl.es\/wp-content\/uploads\/2017\/10\/22459480_1055642131205081_385458987775348992_o.jpg\",\"articleSection\":[\"Noticias\"],\"inLanguage\":\"en-US\",\"potentialAction\":[{\"@type\":\"CommentAction\",\"name\":\"Comment\",\"target\":[\"https:\/\/mtpsl.es\/ultima-edicion-equiplast-en-fira-barcelona\/#respond\"]}]},{\"@type\":\"WebPage\",\"@id\":\"https:\/\/mtpsl.es\/ultima-edicion-equiplast-en-fira-barcelona\/\",\"url\":\"https:\/\/mtpsl.es\/ultima-edicion-equiplast-en-fira-barcelona\/\",\"name\":\"Ultima edici\u00f3n Equiplast en Fira Barcelona - MTP %\",\"isPartOf\":{\"@id\":\"https:\/\/mtpsl.es\/#website\"},\"primaryImageOfPage\":{\"@id\":\"https:\/\/mtpsl.es\/ultima-edicion-equiplast-en-fira-barcelona\/#primaryimage\"},\"image\":{\"@id\":\"https:\/\/mtpsl.es\/ultima-edicion-equiplast-en-fira-barcelona\/#primaryimage\"},\"thumbnailUrl\":\"https:\/\/mtpsl.es\/wp-content\/uploads\/2017\/10\/22459480_1055642131205081_385458987775348992_o.jpg\",\"datePublished\":\"2017-10-16T07:13:23+00:00\",\"dateModified\":\"2017-10-22T21:16:13+00:00\",\"breadcrumb\":{\"@id\":\"https:\/\/mtpsl.es\/ultima-edicion-equiplast-en-fira-barcelona\/#breadcrumb\"},\"inLanguage\":\"en-US\",\"potentialAction\":[{\"@type\":\"ReadAction\",\"target\":[\"https:\/\/mtpsl.es\/ultima-edicion-equiplast-en-fira-barcelona\/\"]}]},{\"@type\":\"ImageObject\",\"inLanguage\":\"en-US\",\"@id\":\"https:\/\/mtpsl.es\/ultima-edicion-equiplast-en-fira-barcelona\/#primaryimage\",\"url\":\"https:\/\/mtpsl.es\/wp-content\/uploads\/2017\/10\/22459480_1055642131205081_385458987775348992_o.jpg\",\"contentUrl\":\"https:\/\/mtpsl.es\/wp-content\/uploads\/2017\/10\/22459480_1055642131205081_385458987775348992_o.jpg\",\"width\":1337,\"height\":640},{\"@type\":\"BreadcrumbList\",\"@id\":\"https:\/\/mtpsl.es\/ultima-edicion-equiplast-en-fira-barcelona\/#breadcrumb\",\"itemListElement\":[{\"@type\":\"ListItem\",\"position\":1,\"name\":\"Portada\",\"item\":\"https:\/\/mtpsl.es\/\"},{\"@type\":\"ListItem\",\"position\":2,\"name\":\"Ultima edici\u00f3n Equiplast en Fira Barcelona\"}]},{\"@type\":\"WebSite\",\"@id\":\"https:\/\/mtpsl.es\/#website\",\"url\":\"https:\/\/mtpsl.es\/\",\"name\":\"Maquinaria Termo Pl\u00e1stico SL\",\"description\":\"Maquinaria Termo Pl\u00e1stico\",\"publisher\":{\"@id\":\"https:\/\/mtpsl.es\/#organization\"},\"alternateName\":\"MTP\",\"potentialAction\":[{\"@type\":\"SearchAction\",\"target\":{\"@type\":\"EntryPoint\",\"urlTemplate\":\"https:\/\/mtpsl.es\/?s={search_term_string}\"},\"query-input\":{\"@type\":\"PropertyValueSpecification\",\"valueRequired\":true,\"valueName\":\"search_term_string\"}}],\"inLanguage\":\"en-US\"},{\"@type\":\"Organization\",\"@id\":\"https:\/\/mtpsl.es\/#organization\",\"name\":\"Maquinaria Termo Pl\u00e1stico\",\"alternateName\":\"MTP\",\"url\":\"https:\/\/mtpsl.es\/\",\"logo\":{\"@type\":\"ImageObject\",\"inLanguage\":\"en-US\",\"@id\":\"https:\/\/mtpsl.es\/#\/schema\/logo\/image\/\",\"url\":\"https:\/\/mtp.essedi.es\/wp-content\/uploads\/2017\/04\/logo.jpg\",\"contentUrl\":\"https:\/\/mtp.essedi.es\/wp-content\/uploads\/2017\/04\/logo.jpg\",\"width\":300,\"height\":143,\"caption\":\"Maquinaria Termo Pl\u00e1stico\"},\"image\":{\"@id\":\"https:\/\/mtpsl.es\/#\/schema\/logo\/image\/\"},\"sameAs\":[\"https:\/\/www.facebook.com\/MTPSL\",\"https:\/\/x.com\/MaquinariaTP\",\"https:\/\/www.linkedin.com\/company\/mtpsl\/\"]},{\"@type\":\"Person\",\"@id\":\"https:\/\/mtpsl.es\/#\/schema\/person\/c031e418918c7a1850258763c715451d\",\"name\":\"admin\",\"image\":{\"@type\":\"ImageObject\",\"inLanguage\":\"en-US\",\"@id\":\"https:\/\/mtpsl.es\/#\/schema\/person\/image\/\",\"url\":\"https:\/\/secure.gravatar.com\/avatar\/ac8c57139c6eeda422b5ccf2bdfc64b62eba674c0a42bc6239c3bb8891428ace?s=96&d=mm&r=g\",\"contentUrl\":\"https:\/\/secure.gravatar.com\/avatar\/ac8c57139c6eeda422b5ccf2bdfc64b62eba674c0a42bc6239c3bb8891428ace?s=96&d=mm&r=g\",\"caption\":\"admin\"},\"url\":\"https:\/\/mtpsl.es\/en\/author\/ismedsi\/\"}]}<\/script>\n<!-- \/ Yoast SEO plugin. -->","yoast_head_json":{"title":"Ultima edici\u00f3n Equiplast en Fira Barcelona - MTP %","robots":{"index":"index","follow":"follow","max-snippet":"max-snippet:-1","max-image-preview":"max-image-preview:large","max-video-preview":"max-video-preview:-1"},"canonical":"https:\/\/mtpsl.es\/en\/ultima-edicion-equiplast-en-fira-barcelona\/","og_locale":"en_US","og_type":"article","og_title":"Ultima edici\u00f3n Equiplast en Fira Barcelona - MTP %","og_description":"Gracias a todos los que un a\u00f1os m\u00e1s nos visitasteis en esta edici\u00f3n de Equiplast. \u00a1Un placer recibiros! &nbsp; &nbsp;","og_url":"https:\/\/mtpsl.es\/en\/ultima-edicion-equiplast-en-fira-barcelona\/","og_site_name":"MTP","article_publisher":"https:\/\/www.facebook.com\/MTPSL","article_published_time":"2017-10-16T07:13:23+00:00","article_modified_time":"2017-10-22T21:16:13+00:00","og_image":[{"width":1337,"height":640,"url":"https:\/\/mtpsl.es\/wp-content\/uploads\/2017\/10\/22459480_1055642131205081_385458987775348992_o.jpg","type":"image\/jpeg"}],"author":"admin","twitter_card":"summary_large_image","twitter_creator":"@MaquinariaTP","twitter_site":"@MaquinariaTP","twitter_misc":{"Written by":"admin"},"schema":{"@context":"https:\/\/schema.org","@graph":[{"@type":"Article","@id":"https:\/\/mtpsl.es\/ultima-edicion-equiplast-en-fira-barcelona\/#article","isPartOf":{"@id":"https:\/\/mtpsl.es\/ultima-edicion-equiplast-en-fira-barcelona\/"},"author":{"name":"admin","@id":"https:\/\/mtpsl.es\/#\/schema\/person\/c031e418918c7a1850258763c715451d"},"headline":"Ultima edici\u00f3n Equiplast en Fira Barcelona","datePublished":"2017-10-16T07:13:23+00:00","dateModified":"2017-10-22T21:16:13+00:00","mainEntityOfPage":{"@id":"https:\/\/mtpsl.es\/ultima-edicion-equiplast-en-fira-barcelona\/"},"wordCount":30,"commentCount":0,"publisher":{"@id":"https:\/\/mtpsl.es\/#organization"},"image":{"@id":"https:\/\/mtpsl.es\/ultima-edicion-equiplast-en-fira-barcelona\/#primaryimage"},"thumbnailUrl":"https:\/\/mtpsl.es\/wp-content\/uploads\/2017\/10\/22459480_1055642131205081_385458987775348992_o.jpg","articleSection":["Noticias"],"inLanguage":"en-US","potentialAction":[{"@type":"CommentAction","name":"Comment","target":["https:\/\/mtpsl.es\/ultima-edicion-equiplast-en-fira-barcelona\/#respond"]}]},{"@type":"WebPage","@id":"https:\/\/mtpsl.es\/ultima-edicion-equiplast-en-fira-barcelona\/","url":"https:\/\/mtpsl.es\/ultima-edicion-equiplast-en-fira-barcelona\/","name":"Ultima edici\u00f3n Equiplast en Fira Barcelona - MTP %","isPartOf":{"@id":"https:\/\/mtpsl.es\/#website"},"primaryImageOfPage":{"@id":"https:\/\/mtpsl.es\/ultima-edicion-equiplast-en-fira-barcelona\/#primaryimage"},"image":{"@id":"https:\/\/mtpsl.es\/ultima-edicion-equiplast-en-fira-barcelona\/#primaryimage"},"thumbnailUrl":"https:\/\/mtpsl.es\/wp-content\/uploads\/2017\/10\/22459480_1055642131205081_385458987775348992_o.jpg","datePublished":"2017-10-16T07:13:23+00:00","dateModified":"2017-10-22T21:16:13+00:00","breadcrumb":{"@id":"https:\/\/mtpsl.es\/ultima-edicion-equiplast-en-fira-barcelona\/#breadcrumb"},"inLanguage":"en-US","potentialAction":[{"@type":"ReadAction","target":["https:\/\/mtpsl.es\/ultima-edicion-equiplast-en-fira-barcelona\/"]}]},{"@type":"ImageObject","inLanguage":"en-US","@id":"https:\/\/mtpsl.es\/ultima-edicion-equiplast-en-fira-barcelona\/#primaryimage","url":"https:\/\/mtpsl.es\/wp-content\/uploads\/2017\/10\/22459480_1055642131205081_385458987775348992_o.jpg","contentUrl":"https:\/\/mtpsl.es\/wp-content\/uploads\/2017\/10\/22459480_1055642131205081_385458987775348992_o.jpg","width":1337,"height":640},{"@type":"BreadcrumbList","@id":"https:\/\/mtpsl.es\/ultima-edicion-equiplast-en-fira-barcelona\/#breadcrumb","itemListElement":[{"@type":"ListItem","position":1,"name":"Portada","item":"https:\/\/mtpsl.es\/"},{"@type":"ListItem","position":2,"name":"Ultima edici\u00f3n Equiplast en Fira Barcelona"}]},{"@type":"WebSite","@id":"https:\/\/mtpsl.es\/#website","url":"https:\/\/mtpsl.es\/","name":"Maquinaria Termo Pl\u00e1stico SL","description":"Maquinaria Termo Pl\u00e1stico","publisher":{"@id":"https:\/\/mtpsl.es\/#organization"},"alternateName":"MTP","potentialAction":[{"@type":"SearchAction","target":{"@type":"EntryPoint","urlTemplate":"https:\/\/mtpsl.es\/?s={search_term_string}"},"query-input":{"@type":"PropertyValueSpecification","valueRequired":true,"valueName":"search_term_string"}}],"inLanguage":"en-US"},{"@type":"Organization","@id":"https:\/\/mtpsl.es\/#organization","name":"Maquinaria Termo Pl\u00e1stico","alternateName":"MTP","url":"https:\/\/mtpsl.es\/","logo":{"@type":"ImageObject","inLanguage":"en-US","@id":"https:\/\/mtpsl.es\/#\/schema\/logo\/image\/","url":"https:\/\/mtp.essedi.es\/wp-content\/uploads\/2017\/04\/logo.jpg","contentUrl":"https:\/\/mtp.essedi.es\/wp-content\/uploads\/2017\/04\/logo.jpg","width":300,"height":143,"caption":"Maquinaria Termo Pl\u00e1stico"},"image":{"@id":"https:\/\/mtpsl.es\/#\/schema\/logo\/image\/"},"sameAs":["https:\/\/www.facebook.com\/MTPSL","https:\/\/x.com\/MaquinariaTP","https:\/\/www.linkedin.com\/company\/mtpsl\/"]},{"@type":"Person","@id":"https:\/\/mtpsl.es\/#\/schema\/person\/c031e418918c7a1850258763c715451d","name":"admin","image":{"@type":"ImageObject","inLanguage":"en-US","@id":"https:\/\/mtpsl.es\/#\/schema\/person\/image\/","url":"https:\/\/secure.gravatar.com\/avatar\/ac8c57139c6eeda422b5ccf2bdfc64b62eba674c0a42bc6239c3bb8891428ace?s=96&d=mm&r=g","contentUrl":"https:\/\/secure.gravatar.com\/avatar\/ac8c57139c6eeda422b5ccf2bdfc64b62eba674c0a42bc6239c3bb8891428ace?s=96&d=mm&r=g","caption":"admin"},"url":"https:\/\/mtpsl.es\/en\/author\/ismedsi\/"}]}},"_links":{"self":[{"href":"https:\/\/mtpsl.es\/en\/wp-json\/wp\/v2\/posts\/1001776","targetHints":{"allow":["GET"]}}],"collection":[{"href":"https:\/\/mtpsl.es\/en\/wp-json\/wp\/v2\/posts"}],"about":[{"href":"https:\/\/mtpsl.es\/en\/wp-json\/wp\/v2\/types\/post"}],"author":[{"embeddable":true,"href":"https:\/\/mtpsl.es\/en\/wp-json\/wp\/v2\/users\/1"}],"replies":[{"embeddable":true,"href":"https:\/\/mtpsl.es\/en\/wp-json\/wp\/v2\/comments?post=1001776"}],"version-history":[{"count":1,"href":"https:\/\/mtpsl.es\/en\/wp-json\/wp\/v2\/posts\/1001776\/revisions"}],"predecessor-version":[{"id":1001785,"href":"https:\/\/mtpsl.es\/en\/wp-json\/wp\/v2\/posts\/1001776\/revisions\/1001785"}],"wp:featuredmedia":[{"embeddable":true,"href":"https:\/\/mtpsl.es\/en\/wp-json\/wp\/v2\/media\/1001779"}],"wp:attachment":[{"href":"https:\/\/mtpsl.es\/en\/wp-json\/wp\/v2\/media?parent=1001776"}],"wp:term":[{"taxonomy":"category","embeddable":true,"href":"https:\/\/mtpsl.es\/en\/wp-json\/wp\/v2\/categories?post=1001776"},{"taxonomy":"post_tag","embeddable":true,"href":"https:\/\/mtpsl.es\/en\/wp-json\/wp\/v2\/tags?post=1001776"}],"curies":[{"name":"wp","href":"https:\/\/api.w.org\/{rel}","templated":true}]}}