{"id":1001865,"date":"2018-09-14T11:56:55","date_gmt":"2018-09-14T11:56:55","guid":{"rendered":"https:\/\/mtpsl.es\/?p=1001865"},"modified":"2018-09-14T11:56:55","modified_gmt":"2018-09-14T11:56:55","slug":"la-importancia-del-ahorro-energetico-y-el-impacto-en-el-medio-ambiente","status":"publish","type":"post","link":"https:\/\/mtpsl.es\/en\/la-importancia-del-ahorro-energetico-y-el-impacto-en-el-medio-ambiente\/","title":{"rendered":"The importance of ENERGY SAVING and the impact on the ENVIRONMENT"},"content":{"rendered":"<p><strong>Our represented Eurochiller, at the forefront of energy efficiency.<\/strong><\/p>\n<p>Eurochiller has always been working on efficiency and looking for solutions that reduce energy consumption and reduce its impact on the environment.<\/p>\n<p><img decoding=\"async\" class=\"alignnone size-full wp-image-1001866\" src=\"https:\/\/mtpsl.es\/wp-content\/uploads\/2018\/09\/Captura-de-pantalla-2018-09-14-a-las-13.49.39.png\" alt=\"\" width=\"1308\" height=\"925\" srcset=\"https:\/\/mtpsl.es\/wp-content\/uploads\/2018\/09\/Captura-de-pantalla-2018-09-14-a-las-13.49.39-200x141.png 200w, https:\/\/mtpsl.es\/wp-content\/uploads\/2018\/09\/Captura-de-pantalla-2018-09-14-a-las-13.49.39-300x212.png 300w, https:\/\/mtpsl.es\/wp-content\/uploads\/2018\/09\/Captura-de-pantalla-2018-09-14-a-las-13.49.39-400x283.png 400w, https:\/\/mtpsl.es\/wp-content\/uploads\/2018\/09\/Captura-de-pantalla-2018-09-14-a-las-13.49.39-600x424.png 600w, https:\/\/mtpsl.es\/wp-content\/uploads\/2018\/09\/Captura-de-pantalla-2018-09-14-a-las-13.49.39-768x543.png 768w, https:\/\/mtpsl.es\/wp-content\/uploads\/2018\/09\/Captura-de-pantalla-2018-09-14-a-las-13.49.39-800x566.png 800w, https:\/\/mtpsl.es\/wp-content\/uploads\/2018\/09\/Captura-de-pantalla-2018-09-14-a-las-13.49.39-1024x724.png 1024w, https:\/\/mtpsl.es\/wp-content\/uploads\/2018\/09\/Captura-de-pantalla-2018-09-14-a-las-13.49.39-1200x849.png 1200w, https:\/\/mtpsl.es\/wp-content\/uploads\/2018\/09\/Captura-de-pantalla-2018-09-14-a-las-13.49.39.png 1308w\" sizes=\"(max-width: 1308px) 100vw, 1308px\" \/><\/p>\n<p id=\"tw-target-text\" class=\"tw-data-text tw-ta tw-text-small\" dir=\"ltr\" data-placeholder=\"Traducci\u00f3n\"><span lang=\"es\">Quality at Eurochiller means method and responsibility during the various stages of the production cycle: from the choice of raw materials to the organization of production, from the relationship between functions, energy efficiency and aesthetics of products to maintenance and service. Its mission is to follow the principles that determined our success: quality, passion, innovation and exchange of views with the world.<\/span><\/p>\n<p class=\"tw-data-text tw-ta tw-text-small\" dir=\"ltr\" data-placeholder=\"Traducci\u00f3n\"><img decoding=\"async\" class=\"alignnone size-full wp-image-1001867\" src=\"https:\/\/mtpsl.es\/wp-content\/uploads\/2018\/09\/Captura-de-pantalla-2018-09-14-a-las-13.49.56.png\" alt=\"\" width=\"1308\" height=\"926\" srcset=\"https:\/\/mtpsl.es\/wp-content\/uploads\/2018\/09\/Captura-de-pantalla-2018-09-14-a-las-13.49.56-200x142.png 200w, https:\/\/mtpsl.es\/wp-content\/uploads\/2018\/09\/Captura-de-pantalla-2018-09-14-a-las-13.49.56-300x212.png 300w, https:\/\/mtpsl.es\/wp-content\/uploads\/2018\/09\/Captura-de-pantalla-2018-09-14-a-las-13.49.56-400x283.png 400w, https:\/\/mtpsl.es\/wp-content\/uploads\/2018\/09\/Captura-de-pantalla-2018-09-14-a-las-13.49.56-600x425.png 600w, https:\/\/mtpsl.es\/wp-content\/uploads\/2018\/09\/Captura-de-pantalla-2018-09-14-a-las-13.49.56-768x544.png 768w, https:\/\/mtpsl.es\/wp-content\/uploads\/2018\/09\/Captura-de-pantalla-2018-09-14-a-las-13.49.56-800x566.png 800w, https:\/\/mtpsl.es\/wp-content\/uploads\/2018\/09\/Captura-de-pantalla-2018-09-14-a-las-13.49.56-1024x725.png 1024w, https:\/\/mtpsl.es\/wp-content\/uploads\/2018\/09\/Captura-de-pantalla-2018-09-14-a-las-13.49.56-1200x850.png 1200w, https:\/\/mtpsl.es\/wp-content\/uploads\/2018\/09\/Captura-de-pantalla-2018-09-14-a-las-13.49.56.png 1308w\" sizes=\"(max-width: 1308px) 100vw, 1308px\" \/><\/p>","protected":false},"excerpt":{"rendered":"<p>Nuestra representada Eurochiller, a la cabeza\u00a0de la eficiencia energ\u00e9tica. En Eurochiller trabajan\u00a0desde siempre en la eficiencia y buscan soluciones que reduzcan el consumo de energ\u00eda y disminuyan su impacto en el medioambiente. La calidad en Eurochiller significa m\u00e9todo y responsabilidad durante las diversas etapas de el ciclo de producci\u00f3n: desde la elecci\u00f3n de las materias<\/p>","protected":false},"author":1,"featured_media":1001867,"comment_status":"open","ping_status":"open","sticky":false,"template":"","format":"standard","meta":{"footnotes":""},"categories":[39],"tags":[],"class_list":["post-1001865","post","type-post","status-publish","format-standard","has-post-thumbnail","hentry","category-noticias"],"yoast_head":"<!-- This site is optimized with the Yoast SEO plugin v25.8 - https:\/\/yoast.com\/wordpress\/plugins\/seo\/ -->\n<title>La importancia DEL AHORRO ENERG\u00c9TICO y el impacto en el MEDIO AMBIENTE - MTP %<\/title>\n<meta name=\"robots\" content=\"index, follow, max-snippet:-1, max-image-preview:large, max-video-preview:-1\" \/>\n<link rel=\"canonical\" href=\"https:\/\/mtpsl.es\/en\/la-importancia-del-ahorro-energetico-y-el-impacto-en-el-medio-ambiente\/\" \/>\n<meta property=\"og:locale\" content=\"en_US\" \/>\n<meta property=\"og:type\" content=\"article\" \/>\n<meta property=\"og:title\" content=\"La importancia DEL AHORRO ENERG\u00c9TICO y el impacto en el MEDIO AMBIENTE - MTP %\" \/>\n<meta property=\"og:description\" content=\"Nuestra representada Eurochiller, a la cabeza\u00a0de la eficiencia energ\u00e9tica. En Eurochiller trabajan\u00a0desde siempre en la eficiencia y buscan soluciones que reduzcan el consumo de energ\u00eda y disminuyan su impacto en el medioambiente. La calidad en Eurochiller significa m\u00e9todo y responsabilidad durante las diversas etapas de el ciclo de producci\u00f3n: desde la elecci\u00f3n de las materias\" \/>\n<meta property=\"og:url\" content=\"https:\/\/mtpsl.es\/en\/la-importancia-del-ahorro-energetico-y-el-impacto-en-el-medio-ambiente\/\" \/>\n<meta property=\"og:site_name\" content=\"MTP\" \/>\n<meta property=\"article:publisher\" content=\"https:\/\/www.facebook.com\/MTPSL\" \/>\n<meta property=\"article:published_time\" content=\"2018-09-14T11:56:55+00:00\" \/>\n<meta property=\"og:image\" content=\"https:\/\/mtpsl.es\/wp-content\/uploads\/2018\/09\/Captura-de-pantalla-2018-09-14-a-las-13.49.56.png\" \/>\n\t<meta property=\"og:image:width\" content=\"1308\" \/>\n\t<meta property=\"og:image:height\" content=\"926\" \/>\n\t<meta property=\"og:image:type\" content=\"image\/png\" \/>\n<meta name=\"author\" content=\"admin\" \/>\n<meta name=\"twitter:card\" content=\"summary_large_image\" \/>\n<meta name=\"twitter:creator\" content=\"@MaquinariaTP\" \/>\n<meta name=\"twitter:site\" content=\"@MaquinariaTP\" \/>\n<meta name=\"twitter:label1\" content=\"Written by\" \/>\n\t<meta name=\"twitter:data1\" content=\"admin\" \/>\n\t<meta name=\"twitter:label2\" content=\"Est. reading time\" \/>\n\t<meta name=\"twitter:data2\" content=\"1 minute\" \/>\n<script type=\"application\/ld+json\" class=\"yoast-schema-graph\">{\"@context\":\"https:\/\/schema.org\",\"@graph\":[{\"@type\":\"Article\",\"@id\":\"https:\/\/mtpsl.es\/la-importancia-del-ahorro-energetico-y-el-impacto-en-el-medio-ambiente\/#article\",\"isPartOf\":{\"@id\":\"https:\/\/mtpsl.es\/la-importancia-del-ahorro-energetico-y-el-impacto-en-el-medio-ambiente\/\"},\"author\":{\"name\":\"admin\",\"@id\":\"https:\/\/mtpsl.es\/#\/schema\/person\/c031e418918c7a1850258763c715451d\"},\"headline\":\"La importancia DEL AHORRO ENERG\u00c9TICO y el impacto en el MEDIO AMBIENTE\",\"datePublished\":\"2018-09-14T11:56:55+00:00\",\"mainEntityOfPage\":{\"@id\":\"https:\/\/mtpsl.es\/la-importancia-del-ahorro-energetico-y-el-impacto-en-el-medio-ambiente\/\"},\"wordCount\":133,\"commentCount\":0,\"publisher\":{\"@id\":\"https:\/\/mtpsl.es\/#organization\"},\"image\":{\"@id\":\"https:\/\/mtpsl.es\/la-importancia-del-ahorro-energetico-y-el-impacto-en-el-medio-ambiente\/#primaryimage\"},\"thumbnailUrl\":\"https:\/\/mtpsl.es\/wp-content\/uploads\/2018\/09\/Captura-de-pantalla-2018-09-14-a-las-13.49.56.png\",\"articleSection\":[\"Noticias\"],\"inLanguage\":\"en-US\",\"potentialAction\":[{\"@type\":\"CommentAction\",\"name\":\"Comment\",\"target\":[\"https:\/\/mtpsl.es\/la-importancia-del-ahorro-energetico-y-el-impacto-en-el-medio-ambiente\/#respond\"]}]},{\"@type\":\"WebPage\",\"@id\":\"https:\/\/mtpsl.es\/la-importancia-del-ahorro-energetico-y-el-impacto-en-el-medio-ambiente\/\",\"url\":\"https:\/\/mtpsl.es\/la-importancia-del-ahorro-energetico-y-el-impacto-en-el-medio-ambiente\/\",\"name\":\"La importancia DEL AHORRO ENERG\u00c9TICO y el impacto en el MEDIO AMBIENTE - MTP %\",\"isPartOf\":{\"@id\":\"https:\/\/mtpsl.es\/#website\"},\"primaryImageOfPage\":{\"@id\":\"https:\/\/mtpsl.es\/la-importancia-del-ahorro-energetico-y-el-impacto-en-el-medio-ambiente\/#primaryimage\"},\"image\":{\"@id\":\"https:\/\/mtpsl.es\/la-importancia-del-ahorro-energetico-y-el-impacto-en-el-medio-ambiente\/#primaryimage\"},\"thumbnailUrl\":\"https:\/\/mtpsl.es\/wp-content\/uploads\/2018\/09\/Captura-de-pantalla-2018-09-14-a-las-13.49.56.png\",\"datePublished\":\"2018-09-14T11:56:55+00:00\",\"breadcrumb\":{\"@id\":\"https:\/\/mtpsl.es\/la-importancia-del-ahorro-energetico-y-el-impacto-en-el-medio-ambiente\/#breadcrumb\"},\"inLanguage\":\"en-US\",\"potentialAction\":[{\"@type\":\"ReadAction\",\"target\":[\"https:\/\/mtpsl.es\/la-importancia-del-ahorro-energetico-y-el-impacto-en-el-medio-ambiente\/\"]}]},{\"@type\":\"ImageObject\",\"inLanguage\":\"en-US\",\"@id\":\"https:\/\/mtpsl.es\/la-importancia-del-ahorro-energetico-y-el-impacto-en-el-medio-ambiente\/#primaryimage\",\"url\":\"https:\/\/mtpsl.es\/wp-content\/uploads\/2018\/09\/Captura-de-pantalla-2018-09-14-a-las-13.49.56.png\",\"contentUrl\":\"https:\/\/mtpsl.es\/wp-content\/uploads\/2018\/09\/Captura-de-pantalla-2018-09-14-a-las-13.49.56.png\",\"width\":1308,\"height\":926},{\"@type\":\"BreadcrumbList\",\"@id\":\"https:\/\/mtpsl.es\/la-importancia-del-ahorro-energetico-y-el-impacto-en-el-medio-ambiente\/#breadcrumb\",\"itemListElement\":[{\"@type\":\"ListItem\",\"position\":1,\"name\":\"Portada\",\"item\":\"https:\/\/mtpsl.es\/\"},{\"@type\":\"ListItem\",\"position\":2,\"name\":\"La importancia DEL AHORRO ENERG\u00c9TICO y el impacto en el MEDIO AMBIENTE\"}]},{\"@type\":\"WebSite\",\"@id\":\"https:\/\/mtpsl.es\/#website\",\"url\":\"https:\/\/mtpsl.es\/\",\"name\":\"Maquinaria Termo Pl\u00e1stico SL\",\"description\":\"Maquinaria Termo Pl\u00e1stico\",\"publisher\":{\"@id\":\"https:\/\/mtpsl.es\/#organization\"},\"alternateName\":\"MTP\",\"potentialAction\":[{\"@type\":\"SearchAction\",\"target\":{\"@type\":\"EntryPoint\",\"urlTemplate\":\"https:\/\/mtpsl.es\/?s={search_term_string}\"},\"query-input\":{\"@type\":\"PropertyValueSpecification\",\"valueRequired\":true,\"valueName\":\"search_term_string\"}}],\"inLanguage\":\"en-US\"},{\"@type\":\"Organization\",\"@id\":\"https:\/\/mtpsl.es\/#organization\",\"name\":\"Maquinaria Termo Pl\u00e1stico\",\"alternateName\":\"MTP\",\"url\":\"https:\/\/mtpsl.es\/\",\"logo\":{\"@type\":\"ImageObject\",\"inLanguage\":\"en-US\",\"@id\":\"https:\/\/mtpsl.es\/#\/schema\/logo\/image\/\",\"url\":\"https:\/\/mtp.essedi.es\/wp-content\/uploads\/2017\/04\/logo.jpg\",\"contentUrl\":\"https:\/\/mtp.essedi.es\/wp-content\/uploads\/2017\/04\/logo.jpg\",\"width\":300,\"height\":143,\"caption\":\"Maquinaria Termo Pl\u00e1stico\"},\"image\":{\"@id\":\"https:\/\/mtpsl.es\/#\/schema\/logo\/image\/\"},\"sameAs\":[\"https:\/\/www.facebook.com\/MTPSL\",\"https:\/\/x.com\/MaquinariaTP\",\"https:\/\/www.linkedin.com\/company\/mtpsl\/\"]},{\"@type\":\"Person\",\"@id\":\"https:\/\/mtpsl.es\/#\/schema\/person\/c031e418918c7a1850258763c715451d\",\"name\":\"admin\",\"image\":{\"@type\":\"ImageObject\",\"inLanguage\":\"en-US\",\"@id\":\"https:\/\/mtpsl.es\/#\/schema\/person\/image\/\",\"url\":\"https:\/\/secure.gravatar.com\/avatar\/ac8c57139c6eeda422b5ccf2bdfc64b62eba674c0a42bc6239c3bb8891428ace?s=96&d=mm&r=g\",\"contentUrl\":\"https:\/\/secure.gravatar.com\/avatar\/ac8c57139c6eeda422b5ccf2bdfc64b62eba674c0a42bc6239c3bb8891428ace?s=96&d=mm&r=g\",\"caption\":\"admin\"},\"url\":\"https:\/\/mtpsl.es\/en\/author\/ismedsi\/\"}]}<\/script>\n<!-- \/ Yoast SEO plugin. -->","yoast_head_json":{"title":"La importancia DEL AHORRO ENERG\u00c9TICO y el impacto en el MEDIO AMBIENTE - MTP %","robots":{"index":"index","follow":"follow","max-snippet":"max-snippet:-1","max-image-preview":"max-image-preview:large","max-video-preview":"max-video-preview:-1"},"canonical":"https:\/\/mtpsl.es\/en\/la-importancia-del-ahorro-energetico-y-el-impacto-en-el-medio-ambiente\/","og_locale":"en_US","og_type":"article","og_title":"La importancia DEL AHORRO ENERG\u00c9TICO y el impacto en el MEDIO AMBIENTE - MTP %","og_description":"Nuestra representada Eurochiller, a la cabeza\u00a0de la eficiencia energ\u00e9tica. En Eurochiller trabajan\u00a0desde siempre en la eficiencia y buscan soluciones que reduzcan el consumo de energ\u00eda y disminuyan su impacto en el medioambiente. La calidad en Eurochiller significa m\u00e9todo y responsabilidad durante las diversas etapas de el ciclo de producci\u00f3n: desde la elecci\u00f3n de las materias","og_url":"https:\/\/mtpsl.es\/en\/la-importancia-del-ahorro-energetico-y-el-impacto-en-el-medio-ambiente\/","og_site_name":"MTP","article_publisher":"https:\/\/www.facebook.com\/MTPSL","article_published_time":"2018-09-14T11:56:55+00:00","og_image":[{"width":1308,"height":926,"url":"https:\/\/mtpsl.es\/wp-content\/uploads\/2018\/09\/Captura-de-pantalla-2018-09-14-a-las-13.49.56.png","type":"image\/png"}],"author":"admin","twitter_card":"summary_large_image","twitter_creator":"@MaquinariaTP","twitter_site":"@MaquinariaTP","twitter_misc":{"Written by":"admin","Est. reading time":"1 minute"},"schema":{"@context":"https:\/\/schema.org","@graph":[{"@type":"Article","@id":"https:\/\/mtpsl.es\/la-importancia-del-ahorro-energetico-y-el-impacto-en-el-medio-ambiente\/#article","isPartOf":{"@id":"https:\/\/mtpsl.es\/la-importancia-del-ahorro-energetico-y-el-impacto-en-el-medio-ambiente\/"},"author":{"name":"admin","@id":"https:\/\/mtpsl.es\/#\/schema\/person\/c031e418918c7a1850258763c715451d"},"headline":"La importancia DEL AHORRO ENERG\u00c9TICO y el impacto en el MEDIO AMBIENTE","datePublished":"2018-09-14T11:56:55+00:00","mainEntityOfPage":{"@id":"https:\/\/mtpsl.es\/la-importancia-del-ahorro-energetico-y-el-impacto-en-el-medio-ambiente\/"},"wordCount":133,"commentCount":0,"publisher":{"@id":"https:\/\/mtpsl.es\/#organization"},"image":{"@id":"https:\/\/mtpsl.es\/la-importancia-del-ahorro-energetico-y-el-impacto-en-el-medio-ambiente\/#primaryimage"},"thumbnailUrl":"https:\/\/mtpsl.es\/wp-content\/uploads\/2018\/09\/Captura-de-pantalla-2018-09-14-a-las-13.49.56.png","articleSection":["Noticias"],"inLanguage":"en-US","potentialAction":[{"@type":"CommentAction","name":"Comment","target":["https:\/\/mtpsl.es\/la-importancia-del-ahorro-energetico-y-el-impacto-en-el-medio-ambiente\/#respond"]}]},{"@type":"WebPage","@id":"https:\/\/mtpsl.es\/la-importancia-del-ahorro-energetico-y-el-impacto-en-el-medio-ambiente\/","url":"https:\/\/mtpsl.es\/la-importancia-del-ahorro-energetico-y-el-impacto-en-el-medio-ambiente\/","name":"La importancia DEL AHORRO ENERG\u00c9TICO y el impacto en el MEDIO AMBIENTE - MTP %","isPartOf":{"@id":"https:\/\/mtpsl.es\/#website"},"primaryImageOfPage":{"@id":"https:\/\/mtpsl.es\/la-importancia-del-ahorro-energetico-y-el-impacto-en-el-medio-ambiente\/#primaryimage"},"image":{"@id":"https:\/\/mtpsl.es\/la-importancia-del-ahorro-energetico-y-el-impacto-en-el-medio-ambiente\/#primaryimage"},"thumbnailUrl":"https:\/\/mtpsl.es\/wp-content\/uploads\/2018\/09\/Captura-de-pantalla-2018-09-14-a-las-13.49.56.png","datePublished":"2018-09-14T11:56:55+00:00","breadcrumb":{"@id":"https:\/\/mtpsl.es\/la-importancia-del-ahorro-energetico-y-el-impacto-en-el-medio-ambiente\/#breadcrumb"},"inLanguage":"en-US","potentialAction":[{"@type":"ReadAction","target":["https:\/\/mtpsl.es\/la-importancia-del-ahorro-energetico-y-el-impacto-en-el-medio-ambiente\/"]}]},{"@type":"ImageObject","inLanguage":"en-US","@id":"https:\/\/mtpsl.es\/la-importancia-del-ahorro-energetico-y-el-impacto-en-el-medio-ambiente\/#primaryimage","url":"https:\/\/mtpsl.es\/wp-content\/uploads\/2018\/09\/Captura-de-pantalla-2018-09-14-a-las-13.49.56.png","contentUrl":"https:\/\/mtpsl.es\/wp-content\/uploads\/2018\/09\/Captura-de-pantalla-2018-09-14-a-las-13.49.56.png","width":1308,"height":926},{"@type":"BreadcrumbList","@id":"https:\/\/mtpsl.es\/la-importancia-del-ahorro-energetico-y-el-impacto-en-el-medio-ambiente\/#breadcrumb","itemListElement":[{"@type":"ListItem","position":1,"name":"Portada","item":"https:\/\/mtpsl.es\/"},{"@type":"ListItem","position":2,"name":"La importancia DEL AHORRO ENERG\u00c9TICO y el impacto en el MEDIO AMBIENTE"}]},{"@type":"WebSite","@id":"https:\/\/mtpsl.es\/#website","url":"https:\/\/mtpsl.es\/","name":"Maquinaria Termo Pl\u00e1stico SL","description":"Maquinaria Termo Pl\u00e1stico","publisher":{"@id":"https:\/\/mtpsl.es\/#organization"},"alternateName":"MTP","potentialAction":[{"@type":"SearchAction","target":{"@type":"EntryPoint","urlTemplate":"https:\/\/mtpsl.es\/?s={search_term_string}"},"query-input":{"@type":"PropertyValueSpecification","valueRequired":true,"valueName":"search_term_string"}}],"inLanguage":"en-US"},{"@type":"Organization","@id":"https:\/\/mtpsl.es\/#organization","name":"Maquinaria Termo Pl\u00e1stico","alternateName":"MTP","url":"https:\/\/mtpsl.es\/","logo":{"@type":"ImageObject","inLanguage":"en-US","@id":"https:\/\/mtpsl.es\/#\/schema\/logo\/image\/","url":"https:\/\/mtp.essedi.es\/wp-content\/uploads\/2017\/04\/logo.jpg","contentUrl":"https:\/\/mtp.essedi.es\/wp-content\/uploads\/2017\/04\/logo.jpg","width":300,"height":143,"caption":"Maquinaria Termo Pl\u00e1stico"},"image":{"@id":"https:\/\/mtpsl.es\/#\/schema\/logo\/image\/"},"sameAs":["https:\/\/www.facebook.com\/MTPSL","https:\/\/x.com\/MaquinariaTP","https:\/\/www.linkedin.com\/company\/mtpsl\/"]},{"@type":"Person","@id":"https:\/\/mtpsl.es\/#\/schema\/person\/c031e418918c7a1850258763c715451d","name":"admin","image":{"@type":"ImageObject","inLanguage":"en-US","@id":"https:\/\/mtpsl.es\/#\/schema\/person\/image\/","url":"https:\/\/secure.gravatar.com\/avatar\/ac8c57139c6eeda422b5ccf2bdfc64b62eba674c0a42bc6239c3bb8891428ace?s=96&d=mm&r=g","contentUrl":"https:\/\/secure.gravatar.com\/avatar\/ac8c57139c6eeda422b5ccf2bdfc64b62eba674c0a42bc6239c3bb8891428ace?s=96&d=mm&r=g","caption":"admin"},"url":"https:\/\/mtpsl.es\/en\/author\/ismedsi\/"}]}},"_links":{"self":[{"href":"https:\/\/mtpsl.es\/en\/wp-json\/wp\/v2\/posts\/1001865","targetHints":{"allow":["GET"]}}],"collection":[{"href":"https:\/\/mtpsl.es\/en\/wp-json\/wp\/v2\/posts"}],"about":[{"href":"https:\/\/mtpsl.es\/en\/wp-json\/wp\/v2\/types\/post"}],"author":[{"embeddable":true,"href":"https:\/\/mtpsl.es\/en\/wp-json\/wp\/v2\/users\/1"}],"replies":[{"embeddable":true,"href":"https:\/\/mtpsl.es\/en\/wp-json\/wp\/v2\/comments?post=1001865"}],"version-history":[{"count":1,"href":"https:\/\/mtpsl.es\/en\/wp-json\/wp\/v2\/posts\/1001865\/revisions"}],"predecessor-version":[{"id":1001868,"href":"https:\/\/mtpsl.es\/en\/wp-json\/wp\/v2\/posts\/1001865\/revisions\/1001868"}],"wp:featuredmedia":[{"embeddable":true,"href":"https:\/\/mtpsl.es\/en\/wp-json\/wp\/v2\/media\/1001867"}],"wp:attachment":[{"href":"https:\/\/mtpsl.es\/en\/wp-json\/wp\/v2\/media?parent=1001865"}],"wp:term":[{"taxonomy":"category","embeddable":true,"href":"https:\/\/mtpsl.es\/en\/wp-json\/wp\/v2\/categories?post=1001865"},{"taxonomy":"post_tag","embeddable":true,"href":"https:\/\/mtpsl.es\/en\/wp-json\/wp\/v2\/tags?post=1001865"}],"curies":[{"name":"wp","href":"https:\/\/api.w.org\/{rel}","templated":true}]}}