{"id":1001919,"date":"2019-04-01T10:47:19","date_gmt":"2019-04-01T10:47:19","guid":{"rendered":"https:\/\/mtpsl.es\/?p=1001919"},"modified":"2019-04-01T10:47:35","modified_gmt":"2019-04-01T10:47:35","slug":"mtp-asistira-como-global-partner-a-chemplastexpo-barcelona-summit","status":"publish","type":"post","link":"https:\/\/mtpsl.es\/en\/mtp-asistira-como-global-partner-a-chemplastexpo-barcelona-summit\/","title":{"rendered":"MTP will attend #ChemPlastExpo Barcelona Summit as a Global Partner."},"content":{"rendered":"<div class=\"\" data-block=\"true\" data-editor=\"24skk\" data-offset-key=\"4fkfl-0-0\">\n<div class=\"_1mf _1mj\" data-offset-key=\"4fkfl-0-0\"><span data-offset-key=\"4fkfl-2-0\"><img decoding=\"async\" class=\"alignnone size-full wp-image-1001920\" src=\"https:\/\/mtpsl.es\/wp-content\/uploads\/2019\/04\/0.jpeg\" alt=\"\" width=\"2539\" height=\"3094\" srcset=\"https:\/\/mtpsl.es\/wp-content\/uploads\/2019\/04\/0-200x244.jpeg 200w, https:\/\/mtpsl.es\/wp-content\/uploads\/2019\/04\/0-246x300.jpeg 246w, https:\/\/mtpsl.es\/wp-content\/uploads\/2019\/04\/0-400x487.jpeg 400w, https:\/\/mtpsl.es\/wp-content\/uploads\/2019\/04\/0-600x731.jpeg 600w, https:\/\/mtpsl.es\/wp-content\/uploads\/2019\/04\/0-768x936.jpeg 768w, https:\/\/mtpsl.es\/wp-content\/uploads\/2019\/04\/0-800x975.jpeg 800w, https:\/\/mtpsl.es\/wp-content\/uploads\/2019\/04\/0-840x1024.jpeg 840w, https:\/\/mtpsl.es\/wp-content\/uploads\/2019\/04\/0-1200x1462.jpeg 1200w, https:\/\/mtpsl.es\/wp-content\/uploads\/2019\/04\/0.jpeg 2539w\" sizes=\"(max-width: 2539px) 100vw, 2539px\" \/> -&gt; Presentaci\u00f3n \u00abEl futuro de la transformaci\u00f3n del pl\u00e1stico: <\/span><span class=\"_5zk7\" style=\"background-color: rgba(88, 144, 255, 0.15); border-bottom: 1px solid rgba(88, 144, 255, 0.3); font-family: inherit;\" spellcheck=\"false\" data-offset-key=\"4fkfl-3-0\"><span data-offset-key=\"4fkfl-3-0\">#Econom\u00edaCircular<\/span><\/span><span data-offset-key=\"4fkfl-4-0\"> and <\/span><span class=\"_5zk7\" style=\"background-color: rgba(88, 144, 255, 0.15); border-bottom: 1px solid rgba(88, 144, 255, 0.3); font-family: inherit;\" spellcheck=\"false\" data-offset-key=\"4fkfl-5-0\"><span data-offset-key=\"4fkfl-5-0\">#sostenibilidad<\/span><\/span><span data-offset-key=\"4fkfl-6-0\">\" this Friday at the @CdEconomia. <\/span><\/div>\n<\/div>\n<div class=\"\" data-block=\"true\" data-editor=\"24skk\" data-offset-key=\"748b8-0-0\">\n<div class=\"_1mf _1mj\" data-offset-key=\"748b8-0-0\"><span data-offset-key=\"748b8-0-0\">\u00a0<\/span><\/div>\n<\/div>\n<div class=\"\" data-block=\"true\" data-editor=\"24skk\" data-offset-key=\"7rje7-0-0\">\n<div class=\"_1mf _1mj\" data-offset-key=\"7rje7-0-0\"><span data-offset-key=\"7rje7-0-0\">We are waiting for you!<\/span><\/div>\n<\/div>\n<div class=\"\" data-block=\"true\" data-editor=\"24skk\" data-offset-key=\"m17j-0-0\">\n<div class=\"_1mf _1mj\" data-offset-key=\"m17j-0-0\"><span data-offset-key=\"m17j-0-0\">\u00a0<\/span><\/div>\n<\/div>\n<div class=\"\" data-block=\"true\" data-editor=\"24skk\" data-offset-key=\"8h9uv-0-0\">\n<div class=\"_1mf _1mj\" data-offset-key=\"8h9uv-0-0\"><span data-offset-key=\"8h9uv-0-0\">Register in https:\/\/www.eventbrite.es\/e\/entradas-el-futuro-de-la-transformacion-del-plastico-por-chemplastexpo-59410401109 \u2026 \u2026 <\/span><span class=\"_5zk7\" style=\"background-color: rgba(88, 144, 255, 0.15); border-bottom: 1px solid rgba(88, 144, 255, 0.3); font-family: inherit;\" spellcheck=\"false\" data-offset-key=\"8h9uv-1-0\"><span data-offset-key=\"8h9uv-1-0\">#CPE2019<\/span><\/span><\/div>\n<\/div>","protected":false},"excerpt":{"rendered":"<p>-&gt; Presentaci\u00f3n \u00abEl futuro de la transformaci\u00f3n del pl\u00e1stico: #Econom\u00edaCircular y #sostenibilidad\u00bb este viernes en el @CdEconomia. \u00a0 \u00a1Os esperamos! \u00a0 Reg\u00edstrate en https:\/\/www.eventbrite.es\/e\/entradas-el-futuro-de-la-transformacion-del-plastico-por-chemplastexpo-59410401109 \u2026 \u2026 #CPE2019<\/p>","protected":false},"author":1,"featured_media":1001920,"comment_status":"closed","ping_status":"open","sticky":false,"template":"","format":"standard","meta":{"footnotes":""},"categories":[39],"tags":[],"class_list":["post-1001919","post","type-post","status-publish","format-standard","has-post-thumbnail","hentry","category-noticias"],"yoast_head":"<!-- This site is optimized with the Yoast SEO plugin v25.8 - https:\/\/yoast.com\/wordpress\/plugins\/seo\/ -->\n<title>MTP asistir\u00e1 como Global Partner a #ChemPlastExpo Barcelona Summit - MTP %<\/title>\n<meta name=\"robots\" content=\"index, follow, max-snippet:-1, max-image-preview:large, max-video-preview:-1\" \/>\n<link rel=\"canonical\" href=\"https:\/\/mtpsl.es\/en\/mtp-asistira-como-global-partner-a-chemplastexpo-barcelona-summit\/\" \/>\n<meta property=\"og:locale\" content=\"en_US\" \/>\n<meta property=\"og:type\" content=\"article\" \/>\n<meta property=\"og:title\" content=\"MTP asistir\u00e1 como Global Partner a #ChemPlastExpo Barcelona Summit - MTP %\" \/>\n<meta property=\"og:description\" content=\"-&gt; Presentaci\u00f3n \u00abEl futuro de la transformaci\u00f3n del pl\u00e1stico: #Econom\u00edaCircular y #sostenibilidad\u00bb este viernes en el @CdEconomia. \u00a0 \u00a1Os esperamos! \u00a0 Reg\u00edstrate en https:\/\/www.eventbrite.es\/e\/entradas-el-futuro-de-la-transformacion-del-plastico-por-chemplastexpo-59410401109 \u2026 \u2026 #CPE2019\" \/>\n<meta property=\"og:url\" content=\"https:\/\/mtpsl.es\/en\/mtp-asistira-como-global-partner-a-chemplastexpo-barcelona-summit\/\" \/>\n<meta property=\"og:site_name\" content=\"MTP\" \/>\n<meta property=\"article:publisher\" content=\"https:\/\/www.facebook.com\/MTPSL\" \/>\n<meta property=\"article:published_time\" content=\"2019-04-01T10:47:19+00:00\" \/>\n<meta property=\"article:modified_time\" content=\"2019-04-01T10:47:35+00:00\" \/>\n<meta property=\"og:image\" content=\"https:\/\/mtpsl.es\/wp-content\/uploads\/2019\/04\/0.jpeg\" \/>\n\t<meta property=\"og:image:width\" content=\"2539\" \/>\n\t<meta property=\"og:image:height\" content=\"3094\" \/>\n\t<meta property=\"og:image:type\" content=\"image\/jpeg\" \/>\n<meta name=\"author\" content=\"admin\" \/>\n<meta name=\"twitter:card\" content=\"summary_large_image\" \/>\n<meta name=\"twitter:creator\" content=\"@MaquinariaTP\" \/>\n<meta name=\"twitter:site\" content=\"@MaquinariaTP\" \/>\n<meta name=\"twitter:label1\" content=\"Written by\" \/>\n\t<meta name=\"twitter:data1\" content=\"admin\" \/>\n<script type=\"application\/ld+json\" class=\"yoast-schema-graph\">{\"@context\":\"https:\/\/schema.org\",\"@graph\":[{\"@type\":\"Article\",\"@id\":\"https:\/\/mtpsl.es\/mtp-asistira-como-global-partner-a-chemplastexpo-barcelona-summit\/#article\",\"isPartOf\":{\"@id\":\"https:\/\/mtpsl.es\/mtp-asistira-como-global-partner-a-chemplastexpo-barcelona-summit\/\"},\"author\":{\"name\":\"admin\",\"@id\":\"https:\/\/mtpsl.es\/#\/schema\/person\/c031e418918c7a1850258763c715451d\"},\"headline\":\"MTP asistir\u00e1 como Global Partner a #ChemPlastExpo Barcelona Summit\",\"datePublished\":\"2019-04-01T10:47:19+00:00\",\"dateModified\":\"2019-04-01T10:47:35+00:00\",\"mainEntityOfPage\":{\"@id\":\"https:\/\/mtpsl.es\/mtp-asistira-como-global-partner-a-chemplastexpo-barcelona-summit\/\"},\"wordCount\":43,\"publisher\":{\"@id\":\"https:\/\/mtpsl.es\/#organization\"},\"image\":{\"@id\":\"https:\/\/mtpsl.es\/mtp-asistira-como-global-partner-a-chemplastexpo-barcelona-summit\/#primaryimage\"},\"thumbnailUrl\":\"https:\/\/mtpsl.es\/wp-content\/uploads\/2019\/04\/0.jpeg\",\"articleSection\":[\"Noticias\"],\"inLanguage\":\"en-US\"},{\"@type\":\"WebPage\",\"@id\":\"https:\/\/mtpsl.es\/mtp-asistira-como-global-partner-a-chemplastexpo-barcelona-summit\/\",\"url\":\"https:\/\/mtpsl.es\/mtp-asistira-como-global-partner-a-chemplastexpo-barcelona-summit\/\",\"name\":\"MTP asistir\u00e1 como Global Partner a #ChemPlastExpo Barcelona Summit - MTP %\",\"isPartOf\":{\"@id\":\"https:\/\/mtpsl.es\/#website\"},\"primaryImageOfPage\":{\"@id\":\"https:\/\/mtpsl.es\/mtp-asistira-como-global-partner-a-chemplastexpo-barcelona-summit\/#primaryimage\"},\"image\":{\"@id\":\"https:\/\/mtpsl.es\/mtp-asistira-como-global-partner-a-chemplastexpo-barcelona-summit\/#primaryimage\"},\"thumbnailUrl\":\"https:\/\/mtpsl.es\/wp-content\/uploads\/2019\/04\/0.jpeg\",\"datePublished\":\"2019-04-01T10:47:19+00:00\",\"dateModified\":\"2019-04-01T10:47:35+00:00\",\"breadcrumb\":{\"@id\":\"https:\/\/mtpsl.es\/mtp-asistira-como-global-partner-a-chemplastexpo-barcelona-summit\/#breadcrumb\"},\"inLanguage\":\"en-US\",\"potentialAction\":[{\"@type\":\"ReadAction\",\"target\":[\"https:\/\/mtpsl.es\/mtp-asistira-como-global-partner-a-chemplastexpo-barcelona-summit\/\"]}]},{\"@type\":\"ImageObject\",\"inLanguage\":\"en-US\",\"@id\":\"https:\/\/mtpsl.es\/mtp-asistira-como-global-partner-a-chemplastexpo-barcelona-summit\/#primaryimage\",\"url\":\"https:\/\/mtpsl.es\/wp-content\/uploads\/2019\/04\/0.jpeg\",\"contentUrl\":\"https:\/\/mtpsl.es\/wp-content\/uploads\/2019\/04\/0.jpeg\",\"width\":2539,\"height\":3094},{\"@type\":\"BreadcrumbList\",\"@id\":\"https:\/\/mtpsl.es\/mtp-asistira-como-global-partner-a-chemplastexpo-barcelona-summit\/#breadcrumb\",\"itemListElement\":[{\"@type\":\"ListItem\",\"position\":1,\"name\":\"Portada\",\"item\":\"https:\/\/mtpsl.es\/\"},{\"@type\":\"ListItem\",\"position\":2,\"name\":\"MTP asistir\u00e1 como Global Partner a #ChemPlastExpo Barcelona Summit\"}]},{\"@type\":\"WebSite\",\"@id\":\"https:\/\/mtpsl.es\/#website\",\"url\":\"https:\/\/mtpsl.es\/\",\"name\":\"Maquinaria Termo Pl\u00e1stico SL\",\"description\":\"Maquinaria Termo Pl\u00e1stico\",\"publisher\":{\"@id\":\"https:\/\/mtpsl.es\/#organization\"},\"alternateName\":\"MTP\",\"potentialAction\":[{\"@type\":\"SearchAction\",\"target\":{\"@type\":\"EntryPoint\",\"urlTemplate\":\"https:\/\/mtpsl.es\/?s={search_term_string}\"},\"query-input\":{\"@type\":\"PropertyValueSpecification\",\"valueRequired\":true,\"valueName\":\"search_term_string\"}}],\"inLanguage\":\"en-US\"},{\"@type\":\"Organization\",\"@id\":\"https:\/\/mtpsl.es\/#organization\",\"name\":\"Maquinaria Termo Pl\u00e1stico\",\"alternateName\":\"MTP\",\"url\":\"https:\/\/mtpsl.es\/\",\"logo\":{\"@type\":\"ImageObject\",\"inLanguage\":\"en-US\",\"@id\":\"https:\/\/mtpsl.es\/#\/schema\/logo\/image\/\",\"url\":\"https:\/\/mtp.essedi.es\/wp-content\/uploads\/2017\/04\/logo.jpg\",\"contentUrl\":\"https:\/\/mtp.essedi.es\/wp-content\/uploads\/2017\/04\/logo.jpg\",\"width\":300,\"height\":143,\"caption\":\"Maquinaria Termo Pl\u00e1stico\"},\"image\":{\"@id\":\"https:\/\/mtpsl.es\/#\/schema\/logo\/image\/\"},\"sameAs\":[\"https:\/\/www.facebook.com\/MTPSL\",\"https:\/\/x.com\/MaquinariaTP\",\"https:\/\/www.linkedin.com\/company\/mtpsl\/\"]},{\"@type\":\"Person\",\"@id\":\"https:\/\/mtpsl.es\/#\/schema\/person\/c031e418918c7a1850258763c715451d\",\"name\":\"admin\",\"image\":{\"@type\":\"ImageObject\",\"inLanguage\":\"en-US\",\"@id\":\"https:\/\/mtpsl.es\/#\/schema\/person\/image\/\",\"url\":\"https:\/\/secure.gravatar.com\/avatar\/ac8c57139c6eeda422b5ccf2bdfc64b62eba674c0a42bc6239c3bb8891428ace?s=96&d=mm&r=g\",\"contentUrl\":\"https:\/\/secure.gravatar.com\/avatar\/ac8c57139c6eeda422b5ccf2bdfc64b62eba674c0a42bc6239c3bb8891428ace?s=96&d=mm&r=g\",\"caption\":\"admin\"},\"url\":\"https:\/\/mtpsl.es\/en\/author\/ismedsi\/\"}]}<\/script>\n<!-- \/ Yoast SEO plugin. -->","yoast_head_json":{"title":"MTP asistir\u00e1 como Global Partner a #ChemPlastExpo Barcelona Summit - MTP %","robots":{"index":"index","follow":"follow","max-snippet":"max-snippet:-1","max-image-preview":"max-image-preview:large","max-video-preview":"max-video-preview:-1"},"canonical":"https:\/\/mtpsl.es\/en\/mtp-asistira-como-global-partner-a-chemplastexpo-barcelona-summit\/","og_locale":"en_US","og_type":"article","og_title":"MTP asistir\u00e1 como Global Partner a #ChemPlastExpo Barcelona Summit - MTP %","og_description":"-&gt; Presentaci\u00f3n \u00abEl futuro de la transformaci\u00f3n del pl\u00e1stico: #Econom\u00edaCircular y #sostenibilidad\u00bb este viernes en el @CdEconomia. \u00a0 \u00a1Os esperamos! \u00a0 Reg\u00edstrate en https:\/\/www.eventbrite.es\/e\/entradas-el-futuro-de-la-transformacion-del-plastico-por-chemplastexpo-59410401109 \u2026 \u2026 #CPE2019","og_url":"https:\/\/mtpsl.es\/en\/mtp-asistira-como-global-partner-a-chemplastexpo-barcelona-summit\/","og_site_name":"MTP","article_publisher":"https:\/\/www.facebook.com\/MTPSL","article_published_time":"2019-04-01T10:47:19+00:00","article_modified_time":"2019-04-01T10:47:35+00:00","og_image":[{"width":2539,"height":3094,"url":"https:\/\/mtpsl.es\/wp-content\/uploads\/2019\/04\/0.jpeg","type":"image\/jpeg"}],"author":"admin","twitter_card":"summary_large_image","twitter_creator":"@MaquinariaTP","twitter_site":"@MaquinariaTP","twitter_misc":{"Written by":"admin"},"schema":{"@context":"https:\/\/schema.org","@graph":[{"@type":"Article","@id":"https:\/\/mtpsl.es\/mtp-asistira-como-global-partner-a-chemplastexpo-barcelona-summit\/#article","isPartOf":{"@id":"https:\/\/mtpsl.es\/mtp-asistira-como-global-partner-a-chemplastexpo-barcelona-summit\/"},"author":{"name":"admin","@id":"https:\/\/mtpsl.es\/#\/schema\/person\/c031e418918c7a1850258763c715451d"},"headline":"MTP asistir\u00e1 como Global Partner a #ChemPlastExpo Barcelona Summit","datePublished":"2019-04-01T10:47:19+00:00","dateModified":"2019-04-01T10:47:35+00:00","mainEntityOfPage":{"@id":"https:\/\/mtpsl.es\/mtp-asistira-como-global-partner-a-chemplastexpo-barcelona-summit\/"},"wordCount":43,"publisher":{"@id":"https:\/\/mtpsl.es\/#organization"},"image":{"@id":"https:\/\/mtpsl.es\/mtp-asistira-como-global-partner-a-chemplastexpo-barcelona-summit\/#primaryimage"},"thumbnailUrl":"https:\/\/mtpsl.es\/wp-content\/uploads\/2019\/04\/0.jpeg","articleSection":["Noticias"],"inLanguage":"en-US"},{"@type":"WebPage","@id":"https:\/\/mtpsl.es\/mtp-asistira-como-global-partner-a-chemplastexpo-barcelona-summit\/","url":"https:\/\/mtpsl.es\/mtp-asistira-como-global-partner-a-chemplastexpo-barcelona-summit\/","name":"MTP asistir\u00e1 como Global Partner a #ChemPlastExpo Barcelona Summit - MTP %","isPartOf":{"@id":"https:\/\/mtpsl.es\/#website"},"primaryImageOfPage":{"@id":"https:\/\/mtpsl.es\/mtp-asistira-como-global-partner-a-chemplastexpo-barcelona-summit\/#primaryimage"},"image":{"@id":"https:\/\/mtpsl.es\/mtp-asistira-como-global-partner-a-chemplastexpo-barcelona-summit\/#primaryimage"},"thumbnailUrl":"https:\/\/mtpsl.es\/wp-content\/uploads\/2019\/04\/0.jpeg","datePublished":"2019-04-01T10:47:19+00:00","dateModified":"2019-04-01T10:47:35+00:00","breadcrumb":{"@id":"https:\/\/mtpsl.es\/mtp-asistira-como-global-partner-a-chemplastexpo-barcelona-summit\/#breadcrumb"},"inLanguage":"en-US","potentialAction":[{"@type":"ReadAction","target":["https:\/\/mtpsl.es\/mtp-asistira-como-global-partner-a-chemplastexpo-barcelona-summit\/"]}]},{"@type":"ImageObject","inLanguage":"en-US","@id":"https:\/\/mtpsl.es\/mtp-asistira-como-global-partner-a-chemplastexpo-barcelona-summit\/#primaryimage","url":"https:\/\/mtpsl.es\/wp-content\/uploads\/2019\/04\/0.jpeg","contentUrl":"https:\/\/mtpsl.es\/wp-content\/uploads\/2019\/04\/0.jpeg","width":2539,"height":3094},{"@type":"BreadcrumbList","@id":"https:\/\/mtpsl.es\/mtp-asistira-como-global-partner-a-chemplastexpo-barcelona-summit\/#breadcrumb","itemListElement":[{"@type":"ListItem","position":1,"name":"Portada","item":"https:\/\/mtpsl.es\/"},{"@type":"ListItem","position":2,"name":"MTP asistir\u00e1 como Global Partner a #ChemPlastExpo Barcelona Summit"}]},{"@type":"WebSite","@id":"https:\/\/mtpsl.es\/#website","url":"https:\/\/mtpsl.es\/","name":"Maquinaria Termo Pl\u00e1stico SL","description":"Maquinaria Termo Pl\u00e1stico","publisher":{"@id":"https:\/\/mtpsl.es\/#organization"},"alternateName":"MTP","potentialAction":[{"@type":"SearchAction","target":{"@type":"EntryPoint","urlTemplate":"https:\/\/mtpsl.es\/?s={search_term_string}"},"query-input":{"@type":"PropertyValueSpecification","valueRequired":true,"valueName":"search_term_string"}}],"inLanguage":"en-US"},{"@type":"Organization","@id":"https:\/\/mtpsl.es\/#organization","name":"Maquinaria Termo Pl\u00e1stico","alternateName":"MTP","url":"https:\/\/mtpsl.es\/","logo":{"@type":"ImageObject","inLanguage":"en-US","@id":"https:\/\/mtpsl.es\/#\/schema\/logo\/image\/","url":"https:\/\/mtp.essedi.es\/wp-content\/uploads\/2017\/04\/logo.jpg","contentUrl":"https:\/\/mtp.essedi.es\/wp-content\/uploads\/2017\/04\/logo.jpg","width":300,"height":143,"caption":"Maquinaria Termo Pl\u00e1stico"},"image":{"@id":"https:\/\/mtpsl.es\/#\/schema\/logo\/image\/"},"sameAs":["https:\/\/www.facebook.com\/MTPSL","https:\/\/x.com\/MaquinariaTP","https:\/\/www.linkedin.com\/company\/mtpsl\/"]},{"@type":"Person","@id":"https:\/\/mtpsl.es\/#\/schema\/person\/c031e418918c7a1850258763c715451d","name":"admin","image":{"@type":"ImageObject","inLanguage":"en-US","@id":"https:\/\/mtpsl.es\/#\/schema\/person\/image\/","url":"https:\/\/secure.gravatar.com\/avatar\/ac8c57139c6eeda422b5ccf2bdfc64b62eba674c0a42bc6239c3bb8891428ace?s=96&d=mm&r=g","contentUrl":"https:\/\/secure.gravatar.com\/avatar\/ac8c57139c6eeda422b5ccf2bdfc64b62eba674c0a42bc6239c3bb8891428ace?s=96&d=mm&r=g","caption":"admin"},"url":"https:\/\/mtpsl.es\/en\/author\/ismedsi\/"}]}},"_links":{"self":[{"href":"https:\/\/mtpsl.es\/en\/wp-json\/wp\/v2\/posts\/1001919","targetHints":{"allow":["GET"]}}],"collection":[{"href":"https:\/\/mtpsl.es\/en\/wp-json\/wp\/v2\/posts"}],"about":[{"href":"https:\/\/mtpsl.es\/en\/wp-json\/wp\/v2\/types\/post"}],"author":[{"embeddable":true,"href":"https:\/\/mtpsl.es\/en\/wp-json\/wp\/v2\/users\/1"}],"replies":[{"embeddable":true,"href":"https:\/\/mtpsl.es\/en\/wp-json\/wp\/v2\/comments?post=1001919"}],"version-history":[{"count":1,"href":"https:\/\/mtpsl.es\/en\/wp-json\/wp\/v2\/posts\/1001919\/revisions"}],"predecessor-version":[{"id":1001921,"href":"https:\/\/mtpsl.es\/en\/wp-json\/wp\/v2\/posts\/1001919\/revisions\/1001921"}],"wp:featuredmedia":[{"embeddable":true,"href":"https:\/\/mtpsl.es\/en\/wp-json\/wp\/v2\/media\/1001920"}],"wp:attachment":[{"href":"https:\/\/mtpsl.es\/en\/wp-json\/wp\/v2\/media?parent=1001919"}],"wp:term":[{"taxonomy":"category","embeddable":true,"href":"https:\/\/mtpsl.es\/en\/wp-json\/wp\/v2\/categories?post=1001919"},{"taxonomy":"post_tag","embeddable":true,"href":"https:\/\/mtpsl.es\/en\/wp-json\/wp\/v2\/tags?post=1001919"}],"curies":[{"name":"wp","href":"https:\/\/api.w.org\/{rel}","templated":true}]}}