{"id":1001940,"date":"2019-07-12T10:16:02","date_gmt":"2019-07-12T10:16:02","guid":{"rendered":"https:\/\/mtpsl.es\/?p=1001940"},"modified":"2019-07-12T10:18:53","modified_gmt":"2019-07-12T10:18:53","slug":"nuevo-numero-de-la-revista-avep-con-un-reportaje-de-mtp-como-empresa-asociada","status":"publish","type":"post","link":"https:\/\/mtpsl.es\/en\/nuevo-numero-de-la-revista-avep-con-un-reportaje-de-mtp-como-empresa-asociada\/","title":{"rendered":"New issue of AVEP magazine with a report on MTP as a partner company."},"content":{"rendered":"<p>MTP is an associate company of AVEP. In this month's magazine, they publish a report about our company.<\/p>\n<p>For further information, please do not hesitate to contact us.<\/p>\n<p>&#x1f4cc;BMB<br \/>\n&#x1f4cc;EUROCHILLER<br \/>\n&#x1f4cc;MASS<br \/>\n&#x1f4cc;MORETTO<br \/>\n&#x1f4cc;TRIA<br \/>\n&#x1f4cc;STAR<\/p>\n<p>#InContinuousInnovation<\/p>\n<p><img decoding=\"async\" class=\"alignnone size-full wp-image-1001942\" src=\"https:\/\/mtpsl.es\/wp-content\/uploads\/2019\/07\/Captura-de-pantalla-2019-07-12-a-las-11.53.48.png\" alt=\"\" width=\"1273\" height=\"900\" srcset=\"https:\/\/mtpsl.es\/wp-content\/uploads\/2019\/07\/Captura-de-pantalla-2019-07-12-a-las-11.53.48-200x141.png 200w, https:\/\/mtpsl.es\/wp-content\/uploads\/2019\/07\/Captura-de-pantalla-2019-07-12-a-las-11.53.48-300x212.png 300w, https:\/\/mtpsl.es\/wp-content\/uploads\/2019\/07\/Captura-de-pantalla-2019-07-12-a-las-11.53.48-400x283.png 400w, https:\/\/mtpsl.es\/wp-content\/uploads\/2019\/07\/Captura-de-pantalla-2019-07-12-a-las-11.53.48-600x424.png 600w, https:\/\/mtpsl.es\/wp-content\/uploads\/2019\/07\/Captura-de-pantalla-2019-07-12-a-las-11.53.48-768x543.png 768w, https:\/\/mtpsl.es\/wp-content\/uploads\/2019\/07\/Captura-de-pantalla-2019-07-12-a-las-11.53.48-800x566.png 800w, https:\/\/mtpsl.es\/wp-content\/uploads\/2019\/07\/Captura-de-pantalla-2019-07-12-a-las-11.53.48-1024x724.png 1024w, https:\/\/mtpsl.es\/wp-content\/uploads\/2019\/07\/Captura-de-pantalla-2019-07-12-a-las-11.53.48-1200x848.png 1200w, https:\/\/mtpsl.es\/wp-content\/uploads\/2019\/07\/Captura-de-pantalla-2019-07-12-a-las-11.53.48.png 1273w\" sizes=\"(max-width: 1273px) 100vw, 1273px\" \/><\/p>\n<p><img decoding=\"async\" class=\"alignnone size-full wp-image-1001943\" src=\"https:\/\/mtpsl.es\/wp-content\/uploads\/2019\/07\/Captura-de-pantalla-2019-07-12-a-las-11.54.00.png\" alt=\"\" width=\"1272\" height=\"901\" srcset=\"https:\/\/mtpsl.es\/wp-content\/uploads\/2019\/07\/Captura-de-pantalla-2019-07-12-a-las-11.54.00-200x142.png 200w, https:\/\/mtpsl.es\/wp-content\/uploads\/2019\/07\/Captura-de-pantalla-2019-07-12-a-las-11.54.00-300x214.png 300w, https:\/\/mtpsl.es\/wp-content\/uploads\/2019\/07\/Captura-de-pantalla-2019-07-12-a-las-11.54.00-400x283.png 400w, https:\/\/mtpsl.es\/wp-content\/uploads\/2019\/07\/Captura-de-pantalla-2019-07-12-a-las-11.54.00-600x425.png 600w, https:\/\/mtpsl.es\/wp-content\/uploads\/2019\/07\/Captura-de-pantalla-2019-07-12-a-las-11.54.00-768x544.png 768w, https:\/\/mtpsl.es\/wp-content\/uploads\/2019\/07\/Captura-de-pantalla-2019-07-12-a-las-11.54.00-800x567.png 800w, https:\/\/mtpsl.es\/wp-content\/uploads\/2019\/07\/Captura-de-pantalla-2019-07-12-a-las-11.54.00-1024x725.png 1024w, https:\/\/mtpsl.es\/wp-content\/uploads\/2019\/07\/Captura-de-pantalla-2019-07-12-a-las-11.54.00-1200x850.png 1200w, https:\/\/mtpsl.es\/wp-content\/uploads\/2019\/07\/Captura-de-pantalla-2019-07-12-a-las-11.54.00.png 1272w\" sizes=\"(max-width: 1272px) 100vw, 1272px\" \/><\/p>\n<p>The complete edition here:<em><strong>\u00a0https:\/\/issuu.com\/avepinfo\/docs\/issus_avep_119<\/strong><\/em><\/p>\n<p>(P\u00e1ginas 54-57 \ud83d\ude09<\/p>\n<div class=\"video-shortcode\">\n<div data-url=\"https:\/\/issuu.com\/avepinfo\/docs\/issus_avep_119\" style=\"width: 1100px; height: 777px;\" class=\"issuuembed\"><\/div>\n<p><script type=\"text\/javascript\" src=\"\/\/e.issuu.com\/embed.js\" async=\"true\"><\/script><\/div>","protected":false},"excerpt":{"rendered":"<p>MTP es empresa asociada de AVEP. En su revista de este mes, publican un reportaje sobre nuestra empresa. Para ampliar informaci\u00f3n, no dudes en contactar con nosotros. &#x1f4cc;BMB &#x1f4cc;EUROCHILLER &#x1f4cc;MASS &#x1f4cc;MORETTO &#x1f4cc;TRIA &#x1f4cc;STAR #EnContinuaInnovaci\u00f3n La edici\u00f3n completa aqu\u00ed:\u00a0https:\/\/issuu.com\/avepinfo\/docs\/issus_avep_119 (P\u00e1ginas 54-57 \ud83d\ude09<\/p>","protected":false},"author":1,"featured_media":1001942,"comment_status":"closed","ping_status":"open","sticky":false,"template":"","format":"standard","meta":{"footnotes":""},"categories":[1],"tags":[],"class_list":["post-1001940","post","type-post","status-publish","format-standard","has-post-thumbnail","hentry","category-uncategorized"],"yoast_head":"<!-- This site is optimized with the Yoast SEO plugin v25.8 - https:\/\/yoast.com\/wordpress\/plugins\/seo\/ -->\n<title>Nuevo n\u00famero de la revista AVEP con un reportaje de MTP como empresa asociada. - MTP %<\/title>\n<meta name=\"robots\" content=\"index, follow, max-snippet:-1, max-image-preview:large, max-video-preview:-1\" \/>\n<link rel=\"canonical\" href=\"https:\/\/mtpsl.es\/en\/nuevo-numero-de-la-revista-avep-con-un-reportaje-de-mtp-como-empresa-asociada\/\" \/>\n<meta property=\"og:locale\" content=\"en_US\" \/>\n<meta property=\"og:type\" content=\"article\" \/>\n<meta property=\"og:title\" content=\"Nuevo n\u00famero de la revista AVEP con un reportaje de MTP como empresa asociada. - MTP %\" \/>\n<meta property=\"og:description\" content=\"MTP es empresa asociada de AVEP. En su revista de este mes, publican un reportaje sobre nuestra empresa. Para ampliar informaci\u00f3n, no dudes en contactar con nosotros. &#x1f4cc;BMB &#x1f4cc;EUROCHILLER &#x1f4cc;MASS &#x1f4cc;MORETTO &#x1f4cc;TRIA &#x1f4cc;STAR #EnContinuaInnovaci\u00f3n La edici\u00f3n completa aqu\u00ed:\u00a0https:\/\/issuu.com\/avepinfo\/docs\/issus_avep_119 (P\u00e1ginas 54-57 \ud83d\ude09\" \/>\n<meta property=\"og:url\" content=\"https:\/\/mtpsl.es\/en\/nuevo-numero-de-la-revista-avep-con-un-reportaje-de-mtp-como-empresa-asociada\/\" \/>\n<meta property=\"og:site_name\" content=\"MTP\" \/>\n<meta property=\"article:publisher\" content=\"https:\/\/www.facebook.com\/MTPSL\" \/>\n<meta property=\"article:published_time\" content=\"2019-07-12T10:16:02+00:00\" \/>\n<meta property=\"article:modified_time\" content=\"2019-07-12T10:18:53+00:00\" \/>\n<meta property=\"og:image\" content=\"https:\/\/mtpsl.es\/wp-content\/uploads\/2019\/07\/Captura-de-pantalla-2019-07-12-a-las-11.53.48.png\" \/>\n\t<meta property=\"og:image:width\" content=\"1273\" \/>\n\t<meta property=\"og:image:height\" content=\"900\" \/>\n\t<meta property=\"og:image:type\" content=\"image\/png\" \/>\n<meta name=\"author\" content=\"admin\" \/>\n<meta name=\"twitter:card\" content=\"summary_large_image\" \/>\n<meta name=\"twitter:creator\" content=\"@MaquinariaTP\" \/>\n<meta name=\"twitter:site\" content=\"@MaquinariaTP\" \/>\n<meta name=\"twitter:label1\" content=\"Written by\" \/>\n\t<meta name=\"twitter:data1\" content=\"admin\" \/>\n<script type=\"application\/ld+json\" class=\"yoast-schema-graph\">{\"@context\":\"https:\/\/schema.org\",\"@graph\":[{\"@type\":\"Article\",\"@id\":\"https:\/\/mtpsl.es\/en\/nuevo-numero-de-la-revista-avep-con-un-reportaje-de-mtp-como-empresa-asociada\/#article\",\"isPartOf\":{\"@id\":\"https:\/\/mtpsl.es\/en\/nuevo-numero-de-la-revista-avep-con-un-reportaje-de-mtp-como-empresa-asociada\/\"},\"author\":{\"name\":\"admin\",\"@id\":\"https:\/\/mtpsl.es\/#\/schema\/person\/c031e418918c7a1850258763c715451d\"},\"headline\":\"Nuevo n\u00famero de la revista AVEP con un reportaje de MTP como empresa asociada.\",\"datePublished\":\"2019-07-12T10:16:02+00:00\",\"dateModified\":\"2019-07-12T10:18:53+00:00\",\"mainEntityOfPage\":{\"@id\":\"https:\/\/mtpsl.es\/en\/nuevo-numero-de-la-revista-avep-con-un-reportaje-de-mtp-como-empresa-asociada\/\"},\"wordCount\":91,\"publisher\":{\"@id\":\"https:\/\/mtpsl.es\/#organization\"},\"image\":{\"@id\":\"https:\/\/mtpsl.es\/en\/nuevo-numero-de-la-revista-avep-con-un-reportaje-de-mtp-como-empresa-asociada\/#primaryimage\"},\"thumbnailUrl\":\"https:\/\/mtpsl.es\/wp-content\/uploads\/2019\/07\/Captura-de-pantalla-2019-07-12-a-las-11.53.48.png\",\"inLanguage\":\"en-US\"},{\"@type\":\"WebPage\",\"@id\":\"https:\/\/mtpsl.es\/en\/nuevo-numero-de-la-revista-avep-con-un-reportaje-de-mtp-como-empresa-asociada\/\",\"url\":\"https:\/\/mtpsl.es\/en\/nuevo-numero-de-la-revista-avep-con-un-reportaje-de-mtp-como-empresa-asociada\/\",\"name\":\"Nuevo n\u00famero de la revista AVEP con un reportaje de MTP como empresa asociada. - MTP %\",\"isPartOf\":{\"@id\":\"https:\/\/mtpsl.es\/#website\"},\"primaryImageOfPage\":{\"@id\":\"https:\/\/mtpsl.es\/en\/nuevo-numero-de-la-revista-avep-con-un-reportaje-de-mtp-como-empresa-asociada\/#primaryimage\"},\"image\":{\"@id\":\"https:\/\/mtpsl.es\/en\/nuevo-numero-de-la-revista-avep-con-un-reportaje-de-mtp-como-empresa-asociada\/#primaryimage\"},\"thumbnailUrl\":\"https:\/\/mtpsl.es\/wp-content\/uploads\/2019\/07\/Captura-de-pantalla-2019-07-12-a-las-11.53.48.png\",\"datePublished\":\"2019-07-12T10:16:02+00:00\",\"dateModified\":\"2019-07-12T10:18:53+00:00\",\"breadcrumb\":{\"@id\":\"https:\/\/mtpsl.es\/en\/nuevo-numero-de-la-revista-avep-con-un-reportaje-de-mtp-como-empresa-asociada\/#breadcrumb\"},\"inLanguage\":\"en-US\",\"potentialAction\":[{\"@type\":\"ReadAction\",\"target\":[\"https:\/\/mtpsl.es\/en\/nuevo-numero-de-la-revista-avep-con-un-reportaje-de-mtp-como-empresa-asociada\/\"]}]},{\"@type\":\"ImageObject\",\"inLanguage\":\"en-US\",\"@id\":\"https:\/\/mtpsl.es\/en\/nuevo-numero-de-la-revista-avep-con-un-reportaje-de-mtp-como-empresa-asociada\/#primaryimage\",\"url\":\"https:\/\/mtpsl.es\/wp-content\/uploads\/2019\/07\/Captura-de-pantalla-2019-07-12-a-las-11.53.48.png\",\"contentUrl\":\"https:\/\/mtpsl.es\/wp-content\/uploads\/2019\/07\/Captura-de-pantalla-2019-07-12-a-las-11.53.48.png\",\"width\":1273,\"height\":900},{\"@type\":\"BreadcrumbList\",\"@id\":\"https:\/\/mtpsl.es\/en\/nuevo-numero-de-la-revista-avep-con-un-reportaje-de-mtp-como-empresa-asociada\/#breadcrumb\",\"itemListElement\":[{\"@type\":\"ListItem\",\"position\":1,\"name\":\"Portada\",\"item\":\"https:\/\/mtpsl.es\/\"},{\"@type\":\"ListItem\",\"position\":2,\"name\":\"Nuevo n\u00famero de la revista AVEP con un reportaje de MTP como empresa asociada.\"}]},{\"@type\":\"WebSite\",\"@id\":\"https:\/\/mtpsl.es\/#website\",\"url\":\"https:\/\/mtpsl.es\/\",\"name\":\"Maquinaria Termo Pl\u00e1stico SL\",\"description\":\"Maquinaria Termo Pl\u00e1stico\",\"publisher\":{\"@id\":\"https:\/\/mtpsl.es\/#organization\"},\"alternateName\":\"MTP\",\"potentialAction\":[{\"@type\":\"SearchAction\",\"target\":{\"@type\":\"EntryPoint\",\"urlTemplate\":\"https:\/\/mtpsl.es\/?s={search_term_string}\"},\"query-input\":{\"@type\":\"PropertyValueSpecification\",\"valueRequired\":true,\"valueName\":\"search_term_string\"}}],\"inLanguage\":\"en-US\"},{\"@type\":\"Organization\",\"@id\":\"https:\/\/mtpsl.es\/#organization\",\"name\":\"Maquinaria Termo Pl\u00e1stico\",\"alternateName\":\"MTP\",\"url\":\"https:\/\/mtpsl.es\/\",\"logo\":{\"@type\":\"ImageObject\",\"inLanguage\":\"en-US\",\"@id\":\"https:\/\/mtpsl.es\/#\/schema\/logo\/image\/\",\"url\":\"https:\/\/mtp.essedi.es\/wp-content\/uploads\/2017\/04\/logo.jpg\",\"contentUrl\":\"https:\/\/mtp.essedi.es\/wp-content\/uploads\/2017\/04\/logo.jpg\",\"width\":300,\"height\":143,\"caption\":\"Maquinaria Termo Pl\u00e1stico\"},\"image\":{\"@id\":\"https:\/\/mtpsl.es\/#\/schema\/logo\/image\/\"},\"sameAs\":[\"https:\/\/www.facebook.com\/MTPSL\",\"https:\/\/x.com\/MaquinariaTP\",\"https:\/\/www.linkedin.com\/company\/mtpsl\/\"]},{\"@type\":\"Person\",\"@id\":\"https:\/\/mtpsl.es\/#\/schema\/person\/c031e418918c7a1850258763c715451d\",\"name\":\"admin\",\"image\":{\"@type\":\"ImageObject\",\"inLanguage\":\"en-US\",\"@id\":\"https:\/\/mtpsl.es\/#\/schema\/person\/image\/\",\"url\":\"https:\/\/secure.gravatar.com\/avatar\/ac8c57139c6eeda422b5ccf2bdfc64b62eba674c0a42bc6239c3bb8891428ace?s=96&d=mm&r=g\",\"contentUrl\":\"https:\/\/secure.gravatar.com\/avatar\/ac8c57139c6eeda422b5ccf2bdfc64b62eba674c0a42bc6239c3bb8891428ace?s=96&d=mm&r=g\",\"caption\":\"admin\"},\"url\":\"https:\/\/mtpsl.es\/en\/author\/ismedsi\/\"}]}<\/script>\n<!-- \/ Yoast SEO plugin. -->","yoast_head_json":{"title":"Nuevo n\u00famero de la revista AVEP con un reportaje de MTP como empresa asociada. - MTP %","robots":{"index":"index","follow":"follow","max-snippet":"max-snippet:-1","max-image-preview":"max-image-preview:large","max-video-preview":"max-video-preview:-1"},"canonical":"https:\/\/mtpsl.es\/en\/nuevo-numero-de-la-revista-avep-con-un-reportaje-de-mtp-como-empresa-asociada\/","og_locale":"en_US","og_type":"article","og_title":"Nuevo n\u00famero de la revista AVEP con un reportaje de MTP como empresa asociada. - MTP %","og_description":"MTP es empresa asociada de AVEP. En su revista de este mes, publican un reportaje sobre nuestra empresa. Para ampliar informaci\u00f3n, no dudes en contactar con nosotros. &#x1f4cc;BMB &#x1f4cc;EUROCHILLER &#x1f4cc;MASS &#x1f4cc;MORETTO &#x1f4cc;TRIA &#x1f4cc;STAR #EnContinuaInnovaci\u00f3n La edici\u00f3n completa aqu\u00ed:\u00a0https:\/\/issuu.com\/avepinfo\/docs\/issus_avep_119 (P\u00e1ginas 54-57 \ud83d\ude09","og_url":"https:\/\/mtpsl.es\/en\/nuevo-numero-de-la-revista-avep-con-un-reportaje-de-mtp-como-empresa-asociada\/","og_site_name":"MTP","article_publisher":"https:\/\/www.facebook.com\/MTPSL","article_published_time":"2019-07-12T10:16:02+00:00","article_modified_time":"2019-07-12T10:18:53+00:00","og_image":[{"width":1273,"height":900,"url":"https:\/\/mtpsl.es\/wp-content\/uploads\/2019\/07\/Captura-de-pantalla-2019-07-12-a-las-11.53.48.png","type":"image\/png"}],"author":"admin","twitter_card":"summary_large_image","twitter_creator":"@MaquinariaTP","twitter_site":"@MaquinariaTP","twitter_misc":{"Written by":"admin"},"schema":{"@context":"https:\/\/schema.org","@graph":[{"@type":"Article","@id":"https:\/\/mtpsl.es\/en\/nuevo-numero-de-la-revista-avep-con-un-reportaje-de-mtp-como-empresa-asociada\/#article","isPartOf":{"@id":"https:\/\/mtpsl.es\/en\/nuevo-numero-de-la-revista-avep-con-un-reportaje-de-mtp-como-empresa-asociada\/"},"author":{"name":"admin","@id":"https:\/\/mtpsl.es\/#\/schema\/person\/c031e418918c7a1850258763c715451d"},"headline":"Nuevo n\u00famero de la revista AVEP con un reportaje de MTP como empresa asociada.","datePublished":"2019-07-12T10:16:02+00:00","dateModified":"2019-07-12T10:18:53+00:00","mainEntityOfPage":{"@id":"https:\/\/mtpsl.es\/en\/nuevo-numero-de-la-revista-avep-con-un-reportaje-de-mtp-como-empresa-asociada\/"},"wordCount":91,"publisher":{"@id":"https:\/\/mtpsl.es\/#organization"},"image":{"@id":"https:\/\/mtpsl.es\/en\/nuevo-numero-de-la-revista-avep-con-un-reportaje-de-mtp-como-empresa-asociada\/#primaryimage"},"thumbnailUrl":"https:\/\/mtpsl.es\/wp-content\/uploads\/2019\/07\/Captura-de-pantalla-2019-07-12-a-las-11.53.48.png","inLanguage":"en-US"},{"@type":"WebPage","@id":"https:\/\/mtpsl.es\/en\/nuevo-numero-de-la-revista-avep-con-un-reportaje-de-mtp-como-empresa-asociada\/","url":"https:\/\/mtpsl.es\/en\/nuevo-numero-de-la-revista-avep-con-un-reportaje-de-mtp-como-empresa-asociada\/","name":"Nuevo n\u00famero de la revista AVEP con un reportaje de MTP como empresa asociada. - MTP %","isPartOf":{"@id":"https:\/\/mtpsl.es\/#website"},"primaryImageOfPage":{"@id":"https:\/\/mtpsl.es\/en\/nuevo-numero-de-la-revista-avep-con-un-reportaje-de-mtp-como-empresa-asociada\/#primaryimage"},"image":{"@id":"https:\/\/mtpsl.es\/en\/nuevo-numero-de-la-revista-avep-con-un-reportaje-de-mtp-como-empresa-asociada\/#primaryimage"},"thumbnailUrl":"https:\/\/mtpsl.es\/wp-content\/uploads\/2019\/07\/Captura-de-pantalla-2019-07-12-a-las-11.53.48.png","datePublished":"2019-07-12T10:16:02+00:00","dateModified":"2019-07-12T10:18:53+00:00","breadcrumb":{"@id":"https:\/\/mtpsl.es\/en\/nuevo-numero-de-la-revista-avep-con-un-reportaje-de-mtp-como-empresa-asociada\/#breadcrumb"},"inLanguage":"en-US","potentialAction":[{"@type":"ReadAction","target":["https:\/\/mtpsl.es\/en\/nuevo-numero-de-la-revista-avep-con-un-reportaje-de-mtp-como-empresa-asociada\/"]}]},{"@type":"ImageObject","inLanguage":"en-US","@id":"https:\/\/mtpsl.es\/en\/nuevo-numero-de-la-revista-avep-con-un-reportaje-de-mtp-como-empresa-asociada\/#primaryimage","url":"https:\/\/mtpsl.es\/wp-content\/uploads\/2019\/07\/Captura-de-pantalla-2019-07-12-a-las-11.53.48.png","contentUrl":"https:\/\/mtpsl.es\/wp-content\/uploads\/2019\/07\/Captura-de-pantalla-2019-07-12-a-las-11.53.48.png","width":1273,"height":900},{"@type":"BreadcrumbList","@id":"https:\/\/mtpsl.es\/en\/nuevo-numero-de-la-revista-avep-con-un-reportaje-de-mtp-como-empresa-asociada\/#breadcrumb","itemListElement":[{"@type":"ListItem","position":1,"name":"Portada","item":"https:\/\/mtpsl.es\/"},{"@type":"ListItem","position":2,"name":"Nuevo n\u00famero de la revista AVEP con un reportaje de MTP como empresa asociada."}]},{"@type":"WebSite","@id":"https:\/\/mtpsl.es\/#website","url":"https:\/\/mtpsl.es\/","name":"Maquinaria Termo Pl\u00e1stico SL","description":"Maquinaria Termo Pl\u00e1stico","publisher":{"@id":"https:\/\/mtpsl.es\/#organization"},"alternateName":"MTP","potentialAction":[{"@type":"SearchAction","target":{"@type":"EntryPoint","urlTemplate":"https:\/\/mtpsl.es\/?s={search_term_string}"},"query-input":{"@type":"PropertyValueSpecification","valueRequired":true,"valueName":"search_term_string"}}],"inLanguage":"en-US"},{"@type":"Organization","@id":"https:\/\/mtpsl.es\/#organization","name":"Maquinaria Termo Pl\u00e1stico","alternateName":"MTP","url":"https:\/\/mtpsl.es\/","logo":{"@type":"ImageObject","inLanguage":"en-US","@id":"https:\/\/mtpsl.es\/#\/schema\/logo\/image\/","url":"https:\/\/mtp.essedi.es\/wp-content\/uploads\/2017\/04\/logo.jpg","contentUrl":"https:\/\/mtp.essedi.es\/wp-content\/uploads\/2017\/04\/logo.jpg","width":300,"height":143,"caption":"Maquinaria Termo Pl\u00e1stico"},"image":{"@id":"https:\/\/mtpsl.es\/#\/schema\/logo\/image\/"},"sameAs":["https:\/\/www.facebook.com\/MTPSL","https:\/\/x.com\/MaquinariaTP","https:\/\/www.linkedin.com\/company\/mtpsl\/"]},{"@type":"Person","@id":"https:\/\/mtpsl.es\/#\/schema\/person\/c031e418918c7a1850258763c715451d","name":"admin","image":{"@type":"ImageObject","inLanguage":"en-US","@id":"https:\/\/mtpsl.es\/#\/schema\/person\/image\/","url":"https:\/\/secure.gravatar.com\/avatar\/ac8c57139c6eeda422b5ccf2bdfc64b62eba674c0a42bc6239c3bb8891428ace?s=96&d=mm&r=g","contentUrl":"https:\/\/secure.gravatar.com\/avatar\/ac8c57139c6eeda422b5ccf2bdfc64b62eba674c0a42bc6239c3bb8891428ace?s=96&d=mm&r=g","caption":"admin"},"url":"https:\/\/mtpsl.es\/en\/author\/ismedsi\/"}]}},"_links":{"self":[{"href":"https:\/\/mtpsl.es\/en\/wp-json\/wp\/v2\/posts\/1001940","targetHints":{"allow":["GET"]}}],"collection":[{"href":"https:\/\/mtpsl.es\/en\/wp-json\/wp\/v2\/posts"}],"about":[{"href":"https:\/\/mtpsl.es\/en\/wp-json\/wp\/v2\/types\/post"}],"author":[{"embeddable":true,"href":"https:\/\/mtpsl.es\/en\/wp-json\/wp\/v2\/users\/1"}],"replies":[{"embeddable":true,"href":"https:\/\/mtpsl.es\/en\/wp-json\/wp\/v2\/comments?post=1001940"}],"version-history":[{"count":1,"href":"https:\/\/mtpsl.es\/en\/wp-json\/wp\/v2\/posts\/1001940\/revisions"}],"predecessor-version":[{"id":1001944,"href":"https:\/\/mtpsl.es\/en\/wp-json\/wp\/v2\/posts\/1001940\/revisions\/1001944"}],"wp:featuredmedia":[{"embeddable":true,"href":"https:\/\/mtpsl.es\/en\/wp-json\/wp\/v2\/media\/1001942"}],"wp:attachment":[{"href":"https:\/\/mtpsl.es\/en\/wp-json\/wp\/v2\/media?parent=1001940"}],"wp:term":[{"taxonomy":"category","embeddable":true,"href":"https:\/\/mtpsl.es\/en\/wp-json\/wp\/v2\/categories?post=1001940"},{"taxonomy":"post_tag","embeddable":true,"href":"https:\/\/mtpsl.es\/en\/wp-json\/wp\/v2\/tags?post=1001940"}],"curies":[{"name":"wp","href":"https:\/\/api.w.org\/{rel}","templated":true}]}}