{"id":1002006,"date":"2019-10-16T10:44:22","date_gmt":"2019-10-16T10:44:22","guid":{"rendered":"https:\/\/mtpsl.es\/?p=1002006"},"modified":"2019-10-30T05:46:03","modified_gmt":"2019-10-30T05:46:03","slug":"bmb-feriak-2019-hall-13-stand-a33","status":"publish","type":"post","link":"https:\/\/mtpsl.es\/en\/bmb-feriak-2019-hall-13-stand-a33\/","title":{"rendered":"BMB &#038; FERIAK 2019  HALL 13 \u2013 STAND A33"},"content":{"rendered":"<p class=\"p1\"><span class=\"s1\"><b>BMB is technology before everything else - <i>Technology First<\/i><\/b><\/span><\/p>\n<p class=\"p1\"><span class=\"s1\">The K-SHOW 2019 is the appointment of the year for all the industries of the sector; it is like the Prima in Milan's Escala, or the Bolshoi in Moscow for the professionals. In one week, meetings, handshakes and above all technological innovations that will decide the guidelines for the next 3 years are concentrated.<\/span><\/p>\n<p class=\"p1\">The K-2019 will be for BMB the launching pad for even faster machines and, at the same time, more attentive to energy saving, characterized by technological innovations at the service of new compostable or 100% regenerated materials. The review of the Hybrid and Full Electric balers will touch on various aspects of the machine:<\/p>\n<ol class=\"ol1\">\n<li class=\"li2\"><span class=\"s1\">new, dual MOOG servo-valve for faster and more precise injection;<\/span><\/li>\n<li class=\"li2\"><span class=\"s1\">new evolution of the Heidenhain CNC control, with enlargement of the functions and dimensions of the touch screen display, for a more efficient management of the machine, both at the operating level and in IOT optics;<\/span><\/li>\n<li class=\"li2\"><span class=\"s1\">reduction of dimensions in length, zioni degli ingombri in lunghezza, with redesigned doors, designed to contain spaces and optimize access for maintenance, thus better accessibility to the mold area for the operator<span class=\"Apple-converted-space\">\u00a0 <\/span>y para el robot de entrada lateral;<\/span><\/li>\n<li class=\"li2\"><span class=\"s1\">Increased safety by replacing electromechanical limit switches with digital control units capable of monitoring their operation in Industry 4.0 optics (predisposition of the injector for a distributed electronic configuration).<\/span><\/li>\n<\/ol>\n<p>These are the machines on display :<\/p>\n<p style=\"text-align: center;\"><span class=\"s2\"><b>eKW70Pi \/ 2200 \u2013 Full Electric \u2013 applications for the production of fully biodegradable and compostable coffee capsules.<\/b><\/span><\/p>\n<p style=\"text-align: center;\"><img decoding=\"async\" class=\"alignnone size-full wp-image-1002015\" src=\"https:\/\/mtpsl.es\/wp-content\/uploads\/2019\/10\/Captura-de-pantalla-2019-10-16-a-las-12.33.01.png\" alt=\"\" width=\"338\" height=\"168\" \/> <img decoding=\"async\" class=\"alignnone size-full wp-image-1002016\" src=\"https:\/\/mtpsl.es\/wp-content\/uploads\/2019\/10\/Captura-de-pantalla-2019-10-16-a-las-12.33.07.png\" alt=\"\" width=\"130\" height=\"118\" \/><\/p>\n<p><span class=\"s2\"><b>eKW1000\/18500 Hybrid: a large tonnage and injection capacity for the production of 1-gallon containers with handle, made of 100% recycled material.<\/b><\/span><\/p>\n<p><img decoding=\"async\" class=\"alignnone size-full wp-image-1002017\" src=\"https:\/\/mtpsl.es\/wp-content\/uploads\/2019\/10\/Captura-de-pantalla-2019-10-16-a-las-12.33.14.png\" alt=\"\" width=\"593\" height=\"191\" \/> <img decoding=\"async\" class=\"alignnone size-full wp-image-1002018\" src=\"https:\/\/mtpsl.es\/wp-content\/uploads\/2019\/10\/Captura-de-pantalla-2019-10-16-a-las-12.33.22.png\" alt=\"\" width=\"155\" height=\"151\" \/><\/p>\n<p style=\"text-align: center;\"><span class=\"s2\"><b>eKW45Pi \/ 2200 Hybrid - A fully overhauled high-performance machine for the production of thin-walled rectangular containers with IML and MuCell technologies. <\/b><\/span><\/p>\n<p>&nbsp;<\/p>\n<p><img decoding=\"async\" class=\"alignnone size-full wp-image-1002020\" src=\"https:\/\/mtpsl.es\/wp-content\/uploads\/2019\/10\/Captura-de-pantalla-2019-10-16-a-las-12.33.41.png\" alt=\"\" width=\"425\" height=\"160\" \/> <img decoding=\"async\" class=\"alignnone size-full wp-image-1002021\" src=\"https:\/\/mtpsl.es\/wp-content\/uploads\/2019\/10\/Captura-de-pantalla-2019-10-16-a-las-12.33.45.png\" alt=\"\" width=\"194\" height=\"125\" \/><\/p>","protected":false},"excerpt":{"rendered":"<p>BMB es tecnolog\u00eda antes de cualquier otra cosa \u2013 Technology First La K-SHOW 2019 es la cita del a\u00f1o para todas las industrias del sector; es como la Prima en la Escala de Mil\u00e1n, o al Bolshoi de Mosc\u00fa para los profesionales. En una semana se concentran encuentros, apretones de manos y sobre todo innovaciones<\/p>","protected":false},"author":1,"featured_media":1001999,"comment_status":"closed","ping_status":"open","sticky":false,"template":"","format":"standard","meta":{"footnotes":""},"categories":[39],"tags":[],"class_list":["post-1002006","post","type-post","status-publish","format-standard","has-post-thumbnail","hentry","category-noticias"],"yoast_head":"<!-- This site is optimized with the Yoast SEO plugin v25.8 - https:\/\/yoast.com\/wordpress\/plugins\/seo\/ -->\n<title>BMB &amp; FERIAK 2019 HALL 13 \u2013 STAND A33 - MTP %<\/title>\n<meta name=\"robots\" content=\"index, follow, max-snippet:-1, max-image-preview:large, max-video-preview:-1\" \/>\n<link rel=\"canonical\" href=\"https:\/\/mtpsl.es\/en\/bmb-feriak-2019-hall-13-stand-a33\/\" \/>\n<meta property=\"og:locale\" content=\"en_US\" \/>\n<meta property=\"og:type\" content=\"article\" \/>\n<meta property=\"og:title\" content=\"BMB &amp; FERIAK 2019 HALL 13 \u2013 STAND A33 - MTP %\" \/>\n<meta property=\"og:description\" content=\"BMB es tecnolog\u00eda antes de cualquier otra cosa \u2013 Technology First La K-SHOW 2019 es la cita del a\u00f1o para todas las industrias del sector; es como la Prima en la Escala de Mil\u00e1n, o al Bolshoi de Mosc\u00fa para los profesionales. En una semana se concentran encuentros, apretones de manos y sobre todo innovaciones\" \/>\n<meta property=\"og:url\" content=\"https:\/\/mtpsl.es\/en\/bmb-feriak-2019-hall-13-stand-a33\/\" \/>\n<meta property=\"og:site_name\" content=\"MTP\" \/>\n<meta property=\"article:publisher\" content=\"https:\/\/www.facebook.com\/MTPSL\" \/>\n<meta property=\"article:published_time\" content=\"2019-10-16T10:44:22+00:00\" \/>\n<meta property=\"article:modified_time\" content=\"2019-10-30T05:46:03+00:00\" \/>\n<meta property=\"og:image\" content=\"https:\/\/mtpsl.es\/wp-content\/uploads\/2019\/10\/BMB-FERIAK-2019-HALL-13-\u2013-STAND-A33.png\" \/>\n\t<meta property=\"og:image:width\" content=\"1131\" \/>\n\t<meta property=\"og:image:height\" content=\"395\" \/>\n\t<meta property=\"og:image:type\" content=\"image\/png\" \/>\n<meta name=\"author\" content=\"admin\" \/>\n<meta name=\"twitter:card\" content=\"summary_large_image\" \/>\n<meta name=\"twitter:creator\" content=\"@MaquinariaTP\" \/>\n<meta name=\"twitter:site\" content=\"@MaquinariaTP\" \/>\n<meta name=\"twitter:label1\" content=\"Written by\" \/>\n\t<meta name=\"twitter:data1\" content=\"admin\" \/>\n\t<meta name=\"twitter:label2\" content=\"Est. reading time\" \/>\n\t<meta name=\"twitter:data2\" content=\"2 minutes\" \/>\n<script type=\"application\/ld+json\" class=\"yoast-schema-graph\">{\"@context\":\"https:\/\/schema.org\",\"@graph\":[{\"@type\":\"Article\",\"@id\":\"https:\/\/mtpsl.es\/bmb-feriak-2019-hall-13-stand-a33\/#article\",\"isPartOf\":{\"@id\":\"https:\/\/mtpsl.es\/bmb-feriak-2019-hall-13-stand-a33\/\"},\"author\":{\"name\":\"admin\",\"@id\":\"https:\/\/mtpsl.es\/#\/schema\/person\/c031e418918c7a1850258763c715451d\"},\"headline\":\"BMB &#038; FERIAK 2019 HALL 13 \u2013 STAND A33\",\"datePublished\":\"2019-10-16T10:44:22+00:00\",\"dateModified\":\"2019-10-30T05:46:03+00:00\",\"mainEntityOfPage\":{\"@id\":\"https:\/\/mtpsl.es\/bmb-feriak-2019-hall-13-stand-a33\/\"},\"wordCount\":355,\"publisher\":{\"@id\":\"https:\/\/mtpsl.es\/#organization\"},\"image\":{\"@id\":\"https:\/\/mtpsl.es\/bmb-feriak-2019-hall-13-stand-a33\/#primaryimage\"},\"thumbnailUrl\":\"https:\/\/mtpsl.es\/wp-content\/uploads\/2019\/10\/BMB-FERIAK-2019-HALL-13-\u2013-STAND-A33.png\",\"articleSection\":[\"Noticias\"],\"inLanguage\":\"en-US\"},{\"@type\":\"WebPage\",\"@id\":\"https:\/\/mtpsl.es\/bmb-feriak-2019-hall-13-stand-a33\/\",\"url\":\"https:\/\/mtpsl.es\/bmb-feriak-2019-hall-13-stand-a33\/\",\"name\":\"BMB & FERIAK 2019 HALL 13 \u2013 STAND A33 - MTP %\",\"isPartOf\":{\"@id\":\"https:\/\/mtpsl.es\/#website\"},\"primaryImageOfPage\":{\"@id\":\"https:\/\/mtpsl.es\/bmb-feriak-2019-hall-13-stand-a33\/#primaryimage\"},\"image\":{\"@id\":\"https:\/\/mtpsl.es\/bmb-feriak-2019-hall-13-stand-a33\/#primaryimage\"},\"thumbnailUrl\":\"https:\/\/mtpsl.es\/wp-content\/uploads\/2019\/10\/BMB-FERIAK-2019-HALL-13-\u2013-STAND-A33.png\",\"datePublished\":\"2019-10-16T10:44:22+00:00\",\"dateModified\":\"2019-10-30T05:46:03+00:00\",\"breadcrumb\":{\"@id\":\"https:\/\/mtpsl.es\/bmb-feriak-2019-hall-13-stand-a33\/#breadcrumb\"},\"inLanguage\":\"en-US\",\"potentialAction\":[{\"@type\":\"ReadAction\",\"target\":[\"https:\/\/mtpsl.es\/bmb-feriak-2019-hall-13-stand-a33\/\"]}]},{\"@type\":\"ImageObject\",\"inLanguage\":\"en-US\",\"@id\":\"https:\/\/mtpsl.es\/bmb-feriak-2019-hall-13-stand-a33\/#primaryimage\",\"url\":\"https:\/\/mtpsl.es\/wp-content\/uploads\/2019\/10\/BMB-FERIAK-2019-HALL-13-\u2013-STAND-A33.png\",\"contentUrl\":\"https:\/\/mtpsl.es\/wp-content\/uploads\/2019\/10\/BMB-FERIAK-2019-HALL-13-\u2013-STAND-A33.png\",\"width\":1131,\"height\":395},{\"@type\":\"BreadcrumbList\",\"@id\":\"https:\/\/mtpsl.es\/bmb-feriak-2019-hall-13-stand-a33\/#breadcrumb\",\"itemListElement\":[{\"@type\":\"ListItem\",\"position\":1,\"name\":\"Portada\",\"item\":\"https:\/\/mtpsl.es\/\"},{\"@type\":\"ListItem\",\"position\":2,\"name\":\"BMB &#038; FERIAK 2019 HALL 13 \u2013 STAND A33\"}]},{\"@type\":\"WebSite\",\"@id\":\"https:\/\/mtpsl.es\/#website\",\"url\":\"https:\/\/mtpsl.es\/\",\"name\":\"Maquinaria Termo Pl\u00e1stico SL\",\"description\":\"Maquinaria Termo Pl\u00e1stico\",\"publisher\":{\"@id\":\"https:\/\/mtpsl.es\/#organization\"},\"alternateName\":\"MTP\",\"potentialAction\":[{\"@type\":\"SearchAction\",\"target\":{\"@type\":\"EntryPoint\",\"urlTemplate\":\"https:\/\/mtpsl.es\/?s={search_term_string}\"},\"query-input\":{\"@type\":\"PropertyValueSpecification\",\"valueRequired\":true,\"valueName\":\"search_term_string\"}}],\"inLanguage\":\"en-US\"},{\"@type\":\"Organization\",\"@id\":\"https:\/\/mtpsl.es\/#organization\",\"name\":\"Maquinaria Termo Pl\u00e1stico\",\"alternateName\":\"MTP\",\"url\":\"https:\/\/mtpsl.es\/\",\"logo\":{\"@type\":\"ImageObject\",\"inLanguage\":\"en-US\",\"@id\":\"https:\/\/mtpsl.es\/#\/schema\/logo\/image\/\",\"url\":\"https:\/\/mtp.essedi.es\/wp-content\/uploads\/2017\/04\/logo.jpg\",\"contentUrl\":\"https:\/\/mtp.essedi.es\/wp-content\/uploads\/2017\/04\/logo.jpg\",\"width\":300,\"height\":143,\"caption\":\"Maquinaria Termo Pl\u00e1stico\"},\"image\":{\"@id\":\"https:\/\/mtpsl.es\/#\/schema\/logo\/image\/\"},\"sameAs\":[\"https:\/\/www.facebook.com\/MTPSL\",\"https:\/\/x.com\/MaquinariaTP\",\"https:\/\/www.linkedin.com\/company\/mtpsl\/\"]},{\"@type\":\"Person\",\"@id\":\"https:\/\/mtpsl.es\/#\/schema\/person\/c031e418918c7a1850258763c715451d\",\"name\":\"admin\",\"image\":{\"@type\":\"ImageObject\",\"inLanguage\":\"en-US\",\"@id\":\"https:\/\/mtpsl.es\/#\/schema\/person\/image\/\",\"url\":\"https:\/\/secure.gravatar.com\/avatar\/ac8c57139c6eeda422b5ccf2bdfc64b62eba674c0a42bc6239c3bb8891428ace?s=96&d=mm&r=g\",\"contentUrl\":\"https:\/\/secure.gravatar.com\/avatar\/ac8c57139c6eeda422b5ccf2bdfc64b62eba674c0a42bc6239c3bb8891428ace?s=96&d=mm&r=g\",\"caption\":\"admin\"},\"url\":\"https:\/\/mtpsl.es\/en\/author\/ismedsi\/\"}]}<\/script>\n<!-- \/ Yoast SEO plugin. -->","yoast_head_json":{"title":"BMB & FERIAK 2019 HALL 13 \u2013 STAND A33 - MTP %","robots":{"index":"index","follow":"follow","max-snippet":"max-snippet:-1","max-image-preview":"max-image-preview:large","max-video-preview":"max-video-preview:-1"},"canonical":"https:\/\/mtpsl.es\/en\/bmb-feriak-2019-hall-13-stand-a33\/","og_locale":"en_US","og_type":"article","og_title":"BMB & FERIAK 2019 HALL 13 \u2013 STAND A33 - MTP %","og_description":"BMB es tecnolog\u00eda antes de cualquier otra cosa \u2013 Technology First La K-SHOW 2019 es la cita del a\u00f1o para todas las industrias del sector; es como la Prima en la Escala de Mil\u00e1n, o al Bolshoi de Mosc\u00fa para los profesionales. En una semana se concentran encuentros, apretones de manos y sobre todo innovaciones","og_url":"https:\/\/mtpsl.es\/en\/bmb-feriak-2019-hall-13-stand-a33\/","og_site_name":"MTP","article_publisher":"https:\/\/www.facebook.com\/MTPSL","article_published_time":"2019-10-16T10:44:22+00:00","article_modified_time":"2019-10-30T05:46:03+00:00","og_image":[{"width":1131,"height":395,"url":"https:\/\/mtpsl.es\/wp-content\/uploads\/2019\/10\/BMB-FERIAK-2019-HALL-13-\u2013-STAND-A33.png","type":"image\/png"}],"author":"admin","twitter_card":"summary_large_image","twitter_creator":"@MaquinariaTP","twitter_site":"@MaquinariaTP","twitter_misc":{"Written by":"admin","Est. reading time":"2 minutes"},"schema":{"@context":"https:\/\/schema.org","@graph":[{"@type":"Article","@id":"https:\/\/mtpsl.es\/bmb-feriak-2019-hall-13-stand-a33\/#article","isPartOf":{"@id":"https:\/\/mtpsl.es\/bmb-feriak-2019-hall-13-stand-a33\/"},"author":{"name":"admin","@id":"https:\/\/mtpsl.es\/#\/schema\/person\/c031e418918c7a1850258763c715451d"},"headline":"BMB &#038; FERIAK 2019 HALL 13 \u2013 STAND A33","datePublished":"2019-10-16T10:44:22+00:00","dateModified":"2019-10-30T05:46:03+00:00","mainEntityOfPage":{"@id":"https:\/\/mtpsl.es\/bmb-feriak-2019-hall-13-stand-a33\/"},"wordCount":355,"publisher":{"@id":"https:\/\/mtpsl.es\/#organization"},"image":{"@id":"https:\/\/mtpsl.es\/bmb-feriak-2019-hall-13-stand-a33\/#primaryimage"},"thumbnailUrl":"https:\/\/mtpsl.es\/wp-content\/uploads\/2019\/10\/BMB-FERIAK-2019-HALL-13-\u2013-STAND-A33.png","articleSection":["Noticias"],"inLanguage":"en-US"},{"@type":"WebPage","@id":"https:\/\/mtpsl.es\/bmb-feriak-2019-hall-13-stand-a33\/","url":"https:\/\/mtpsl.es\/bmb-feriak-2019-hall-13-stand-a33\/","name":"BMB & FERIAK 2019 HALL 13 \u2013 STAND A33 - MTP %","isPartOf":{"@id":"https:\/\/mtpsl.es\/#website"},"primaryImageOfPage":{"@id":"https:\/\/mtpsl.es\/bmb-feriak-2019-hall-13-stand-a33\/#primaryimage"},"image":{"@id":"https:\/\/mtpsl.es\/bmb-feriak-2019-hall-13-stand-a33\/#primaryimage"},"thumbnailUrl":"https:\/\/mtpsl.es\/wp-content\/uploads\/2019\/10\/BMB-FERIAK-2019-HALL-13-\u2013-STAND-A33.png","datePublished":"2019-10-16T10:44:22+00:00","dateModified":"2019-10-30T05:46:03+00:00","breadcrumb":{"@id":"https:\/\/mtpsl.es\/bmb-feriak-2019-hall-13-stand-a33\/#breadcrumb"},"inLanguage":"en-US","potentialAction":[{"@type":"ReadAction","target":["https:\/\/mtpsl.es\/bmb-feriak-2019-hall-13-stand-a33\/"]}]},{"@type":"ImageObject","inLanguage":"en-US","@id":"https:\/\/mtpsl.es\/bmb-feriak-2019-hall-13-stand-a33\/#primaryimage","url":"https:\/\/mtpsl.es\/wp-content\/uploads\/2019\/10\/BMB-FERIAK-2019-HALL-13-\u2013-STAND-A33.png","contentUrl":"https:\/\/mtpsl.es\/wp-content\/uploads\/2019\/10\/BMB-FERIAK-2019-HALL-13-\u2013-STAND-A33.png","width":1131,"height":395},{"@type":"BreadcrumbList","@id":"https:\/\/mtpsl.es\/bmb-feriak-2019-hall-13-stand-a33\/#breadcrumb","itemListElement":[{"@type":"ListItem","position":1,"name":"Portada","item":"https:\/\/mtpsl.es\/"},{"@type":"ListItem","position":2,"name":"BMB &#038; FERIAK 2019 HALL 13 \u2013 STAND A33"}]},{"@type":"WebSite","@id":"https:\/\/mtpsl.es\/#website","url":"https:\/\/mtpsl.es\/","name":"Maquinaria Termo Pl\u00e1stico SL","description":"Maquinaria Termo Pl\u00e1stico","publisher":{"@id":"https:\/\/mtpsl.es\/#organization"},"alternateName":"MTP","potentialAction":[{"@type":"SearchAction","target":{"@type":"EntryPoint","urlTemplate":"https:\/\/mtpsl.es\/?s={search_term_string}"},"query-input":{"@type":"PropertyValueSpecification","valueRequired":true,"valueName":"search_term_string"}}],"inLanguage":"en-US"},{"@type":"Organization","@id":"https:\/\/mtpsl.es\/#organization","name":"Maquinaria Termo Pl\u00e1stico","alternateName":"MTP","url":"https:\/\/mtpsl.es\/","logo":{"@type":"ImageObject","inLanguage":"en-US","@id":"https:\/\/mtpsl.es\/#\/schema\/logo\/image\/","url":"https:\/\/mtp.essedi.es\/wp-content\/uploads\/2017\/04\/logo.jpg","contentUrl":"https:\/\/mtp.essedi.es\/wp-content\/uploads\/2017\/04\/logo.jpg","width":300,"height":143,"caption":"Maquinaria Termo Pl\u00e1stico"},"image":{"@id":"https:\/\/mtpsl.es\/#\/schema\/logo\/image\/"},"sameAs":["https:\/\/www.facebook.com\/MTPSL","https:\/\/x.com\/MaquinariaTP","https:\/\/www.linkedin.com\/company\/mtpsl\/"]},{"@type":"Person","@id":"https:\/\/mtpsl.es\/#\/schema\/person\/c031e418918c7a1850258763c715451d","name":"admin","image":{"@type":"ImageObject","inLanguage":"en-US","@id":"https:\/\/mtpsl.es\/#\/schema\/person\/image\/","url":"https:\/\/secure.gravatar.com\/avatar\/ac8c57139c6eeda422b5ccf2bdfc64b62eba674c0a42bc6239c3bb8891428ace?s=96&d=mm&r=g","contentUrl":"https:\/\/secure.gravatar.com\/avatar\/ac8c57139c6eeda422b5ccf2bdfc64b62eba674c0a42bc6239c3bb8891428ace?s=96&d=mm&r=g","caption":"admin"},"url":"https:\/\/mtpsl.es\/en\/author\/ismedsi\/"}]}},"_links":{"self":[{"href":"https:\/\/mtpsl.es\/en\/wp-json\/wp\/v2\/posts\/1002006","targetHints":{"allow":["GET"]}}],"collection":[{"href":"https:\/\/mtpsl.es\/en\/wp-json\/wp\/v2\/posts"}],"about":[{"href":"https:\/\/mtpsl.es\/en\/wp-json\/wp\/v2\/types\/post"}],"author":[{"embeddable":true,"href":"https:\/\/mtpsl.es\/en\/wp-json\/wp\/v2\/users\/1"}],"replies":[{"embeddable":true,"href":"https:\/\/mtpsl.es\/en\/wp-json\/wp\/v2\/comments?post=1002006"}],"version-history":[{"count":1,"href":"https:\/\/mtpsl.es\/en\/wp-json\/wp\/v2\/posts\/1002006\/revisions"}],"predecessor-version":[{"id":1002007,"href":"https:\/\/mtpsl.es\/en\/wp-json\/wp\/v2\/posts\/1002006\/revisions\/1002007"}],"wp:featuredmedia":[{"embeddable":true,"href":"https:\/\/mtpsl.es\/en\/wp-json\/wp\/v2\/media\/1001999"}],"wp:attachment":[{"href":"https:\/\/mtpsl.es\/en\/wp-json\/wp\/v2\/media?parent=1002006"}],"wp:term":[{"taxonomy":"category","embeddable":true,"href":"https:\/\/mtpsl.es\/en\/wp-json\/wp\/v2\/categories?post=1002006"},{"taxonomy":"post_tag","embeddable":true,"href":"https:\/\/mtpsl.es\/en\/wp-json\/wp\/v2\/tags?post=1002006"}],"curies":[{"name":"wp","href":"https:\/\/api.w.org\/{rel}","templated":true}]}}